{"id":3303,"date":"2022-01-27T17:41:28","date_gmt":"2022-01-27T17:41:28","guid":{"rendered":"https:\/\/rdnews.al\/?p=3303"},"modified":"2022-01-27T17:41:28","modified_gmt":"2022-01-27T17:41:28","slug":"presidenti-i-fifa-s-leter-dukes-keni-mbeshtetjen-e-futbollit-nderkombetar","status":"publish","type":"post","link":"https:\/\/rdnews.al\/index.php\/2022\/01\/27\/presidenti-i-fifa-s-leter-dukes-keni-mbeshtetjen-e-futbollit-nderkombetar\/","title":{"rendered":"Presidenti i FIFA-s let\u00ebr Duk\u00ebs: Keni mb\u00ebshtetjen e futbollit nd\u00ebrkomb\u00ebtar!"},"content":{"rendered":"<p>Presidenti i FIFA-s, Gianni Infantino ka shprehur t\u00eb gjith\u00eb mb\u00ebshtetjen e solidarizimin e tij dhe t\u00eb komunitetit t\u00eb futbollit nd\u00ebrkomb\u00ebtar p\u00ebr Presidentin e FSHF-s\u00eb, Armand Duka, pasi nj\u00eb sasi tritoli shp\u00ebrtheu n\u00eb der\u00ebn e sht\u00ebpis\u00eb s\u00eb kreut t\u00eb qeveris\u00eb s\u00eb futbollit shqiptar t\u00eb h\u00ebn\u00ebn.<\/p>\n<p>P\u00ebrmes nj\u00eb letre Infantino \u00ebsht\u00eb shfaqur i shokuar p\u00ebr k\u00ebt\u00eb ngjarje t\u00eb r\u00ebnd\u00eb e t\u00eb paprecedent, dhe thekson se Presidenti Duka ka t\u00eb gjith\u00eb mb\u00ebshtetjen e futbollit nd\u00ebrkomb\u00ebtar n\u00eb k\u00ebto momente t\u00eb v\u00ebshtira p\u00ebr t\u00eb dhe p\u00ebr familjen e tij.<\/p>\n<p><strong>Letra drejtuar presidentit t\u00eb FSHF, Armando Duka<\/strong><\/p>\n<p><strong>I dashur President<\/strong><\/p>\n<p><em>M\u00ebsova me tronditje t\u00eb madhe dhe trishtim t\u00eb thell\u00eb p\u00ebr sulmin e tmerrsh\u00ebm n\u00eb sht\u00ebpin\u00eb tuaj t\u00eb h\u00ebn\u00ebn n\u00eb mbr\u00ebmje.<\/em><\/p>\n<p><em>N\u00eb em\u00ebr t\u00eb komunitetit nd\u00ebrkomb\u00ebtar t\u00eb futbollit, d\u00ebshiroj t\u00eb shpreh mb\u00ebshtetjen ton\u00eb m\u00eb t\u00eb sinqert\u00eb p\u00ebr ju dhe familjen tuaj. Mendimet tona jan\u00eb me ju t\u00eb gjith\u00eb n\u00eb k\u00ebt\u00eb moment t\u00eb v\u00ebshtir\u00eb.<\/em><\/p>\n<p><em>Shpresojm\u00eb q\u00eb ky mesazh solidariteti dhe mb\u00ebshtetjeje t\u00eb mund t\u2019ju ndihmoj\u00eb n\u00eb k\u00ebt\u00eb moment t\u00eb v\u00ebshtir\u00eb.<\/em><\/p>\n<p><em>I juaj sinqerisht,<\/em><\/p>\n<p><strong>Gianni Infantino<\/strong><\/p>\n<p><img loading=\"lazy\" decoding=\"async\" class=\"alignnone  wp-image-3305\" src=\"https:\/\/rdnews.al\/wp-content\/uploads\/2022\/01\/infantino_letra_duka-251x300.jpg\" alt=\"\" width=\"359\" height=\"429\" srcset=\"https:\/\/rdnews.al\/wp-content\/uploads\/2022\/01\/infantino_letra_duka-251x300.jpg 251w, https:\/\/rdnews.al\/wp-content\/uploads\/2022\/01\/infantino_letra_duka.jpg 640w\" sizes=\"auto, (max-width: 359px) 100vw, 359px\" \/><\/p>\n","protected":false},"excerpt":{"rendered":"<p>Presidenti i FIFA-s, Gianni Infantino ka shprehur t\u00eb gjith\u00eb mb\u00ebshtetjen e solidarizimin e tij dhe t\u00eb komunitetit t\u00eb futbollit nd\u00ebrkomb\u00ebtar p\u00ebr Presidentin e FSHF-s\u00eb, Armand Duka, pasi nj\u00eb sasi tritoli shp\u00ebrtheu n\u00eb der\u00ebn e sht\u00ebpis\u00eb s\u00eb kreut t\u00eb qeveris\u00eb s\u00eb futbollit shqiptar t\u00eb h\u00ebn\u00ebn. P\u00ebrmes nj\u00eb letre Infantino \u00ebsht\u00eb shfaqur i shokuar p\u00ebr k\u00ebt\u00eb ngjarje &hellip;<\/p>\n","protected":false},"author":4,"featured_media":3304,"comment_status":"open","ping_status":"open","sticky":false,"template":"","format":"standard","meta":{"footnotes":""},"categories":[39],"tags":[],"class_list":["post-3303","post","type-post","status-publish","format-standard","has-post-thumbnail","","category-sport"],"_links":{"self":[{"href":"https:\/\/rdnews.al\/index.php\/wp-json\/wp\/v2\/posts\/3303","targetHints":{"allow":["GET"]}}],"collection":[{"href":"https:\/\/rdnews.al\/index.php\/wp-json\/wp\/v2\/posts"}],"about":[{"href":"https:\/\/rdnews.al\/index.php\/wp-json\/wp\/v2\/types\/post"}],"author":[{"embeddable":true,"href":"https:\/\/rdnews.al\/index.php\/wp-json\/wp\/v2\/users\/4"}],"replies":[{"embeddable":true,"href":"https:\/\/rdnews.al\/index.php\/wp-json\/wp\/v2\/comments?post=3303"}],"version-history":[{"count":0,"href":"https:\/\/rdnews.al\/index.php\/wp-json\/wp\/v2\/posts\/3303\/revisions"}],"wp:featuredmedia":[{"embeddable":true,"href":"https:\/\/rdnews.al\/index.php\/wp-json\/wp\/v2\/media\/3304"}],"wp:attachment":[{"href":"https:\/\/rdnews.al\/index.php\/wp-json\/wp\/v2\/media?parent=3303"}],"wp:term":[{"taxonomy":"category","embeddable":true,"href":"https:\/\/rdnews.al\/index.php\/wp-json\/wp\/v2\/categories?post=3303"},{"taxonomy":"post_tag","embeddable":true,"href":"https:\/\/rdnews.al\/index.php\/wp-json\/wp\/v2\/tags?post=3303"}],"curies":[{"name":"wp","href":"https:\/\/api.w.org\/{rel}","templated":true}]}}