{"id":33150,"date":"2023-01-06T09:59:09","date_gmt":"2023-01-06T09:59:09","guid":{"rendered":"https:\/\/rdnews.al\/?p=33150"},"modified":"2023-01-06T10:00:40","modified_gmt":"2023-01-06T10:00:40","slug":"grabitja-e-te-moshuares-policia-fshehu-ngjarjen-krimi-u-denoncua-nga-berisha","status":"publish","type":"post","link":"https:\/\/rdnews.al\/index.php\/2023\/01\/06\/grabitja-e-te-moshuares-policia-fshehu-ngjarjen-krimi-u-denoncua-nga-berisha\/","title":{"rendered":"Grabitja e t\u00eb moshuar\u00ebs\/ Policia fshehu ngjarjen, krimi u denoncua nga Berisha"},"content":{"rendered":"<p>Nj\u00eb e moshuar ra pre edhe e dhun\u00ebs dhe u grabit n\u00eb Maliq. Ngjarja ndodhi m\u00eb 29 dhjetor n\u00eb fshatin Pirg, ku autor\u00ebt vodh\u00ebn 10 mij\u00eb euro.<\/p>\n<p>Por ngjarja nuk do b\u00ebhej publike n\u00eb rast se nuk do t\u00eb ishte nj\u00eb denoncim i kreut t\u00eb PD, Sali Berisha, nj\u00eb dit\u00eb m\u00eb par\u00eb.<\/p>\n<p>T\u00eb moshuar\u00ebs i vjedhin 10.000 \u20ac dhe e b\u00ebjn\u00eb p\u00ebr spital. P\u00ebr policin\u00eb nuk ka ndodhur gj\u00eb! Bashk\u00ebpunim me krimin\u201d, shkroi Berisha nj\u00eb dit\u00eb m\u00eb par\u00eb, duke postuar mesazhin e qytetarit dixhital.<\/p>\n<p>\u201cPo ju informoj p\u00ebr nj\u00eb grabitje q\u00eb ka ndodhur n\u00eb fshatin Pirg, pjes\u00eb e bashkis\u00eb Maliq, ku persona t\u00eb maskuar i kan\u00eb hyr\u00eb n\u00eb banes\u00eb dhe kan\u00eb dhunuar, rrahur barbarisht, dhe e lidhur kur e kan\u00eb gjetur, shtetasen Luljeta Hoxha, pensioniste, e cila jeton e vetme, n\u00eb dat\u00eb 29 dhjetor rreth or\u00ebs dy pas mesnate, ku ajo pretendon se i kishin grabitur nj\u00eb sasi prej 10.000 euro. Shtetasja n\u00eb fjal\u00eb ndodhet e shtruar n\u00eb spitalin e Kor\u00e7\u00ebs. Nga organet e rendit e kan\u00eb l\u00ebn\u00eb n\u00eb heshtje dhe nuk kan\u00eb b\u00ebr\u00eb asnj\u00eb prononcim deri m\u00eb sot,\u201d\u00a0shkruante ai.<\/p>\n<p>Kurse sot, policia b\u00ebri me dije se ka administruar si prove materiale litarin q\u00eb \u00ebsht\u00eb lidhur e moshuara Luljeta Hoxha n\u00eb momentin e grabitjes.<\/p>\n<p>Nga burimet, b\u00ebhet e ditur se p\u00ebr ngjarjen jan\u00eb sekuestruar kamerat e siguris\u00eb s\u00eb banes\u00ebs ngjitur (banes\u00eb e v\u00ebllait t\u00eb burrit t\u00eb Luljeta Hoxh\u00ebs), nga ana e policis\u00eb, t\u00eb cilat mund t\u00eb ket\u00eb fiksuar l\u00ebvizjen e autorit t\u00eb ngjarjes.<\/p>\n","protected":false},"excerpt":{"rendered":"<p>Nj\u00eb e moshuar ra pre edhe e dhun\u00ebs dhe u grabit n\u00eb Maliq. Ngjarja ndodhi m\u00eb 29 dhjetor n\u00eb fshatin Pirg, ku autor\u00ebt vodh\u00ebn 10 mij\u00eb euro. Por ngjarja nuk do b\u00ebhej publike n\u00eb rast se nuk do t\u00eb ishte nj\u00eb denoncim i kreut t\u00eb PD, Sali Berisha, nj\u00eb dit\u00eb m\u00eb par\u00eb. T\u00eb moshuar\u00ebs i &hellip;<\/p>\n","protected":false},"author":4,"featured_media":33146,"comment_status":"open","ping_status":"open","sticky":false,"template":"","format":"standard","meta":{"footnotes":""},"categories":[37],"tags":[],"class_list":["post-33150","post","type-post","status-publish","format-standard","has-post-thumbnail","","category-politike"],"_links":{"self":[{"href":"https:\/\/rdnews.al\/index.php\/wp-json\/wp\/v2\/posts\/33150","targetHints":{"allow":["GET"]}}],"collection":[{"href":"https:\/\/rdnews.al\/index.php\/wp-json\/wp\/v2\/posts"}],"about":[{"href":"https:\/\/rdnews.al\/index.php\/wp-json\/wp\/v2\/types\/post"}],"author":[{"embeddable":true,"href":"https:\/\/rdnews.al\/index.php\/wp-json\/wp\/v2\/users\/4"}],"replies":[{"embeddable":true,"href":"https:\/\/rdnews.al\/index.php\/wp-json\/wp\/v2\/comments?post=33150"}],"version-history":[{"count":0,"href":"https:\/\/rdnews.al\/index.php\/wp-json\/wp\/v2\/posts\/33150\/revisions"}],"wp:featuredmedia":[{"embeddable":true,"href":"https:\/\/rdnews.al\/index.php\/wp-json\/wp\/v2\/media\/33146"}],"wp:attachment":[{"href":"https:\/\/rdnews.al\/index.php\/wp-json\/wp\/v2\/media?parent=33150"}],"wp:term":[{"taxonomy":"category","embeddable":true,"href":"https:\/\/rdnews.al\/index.php\/wp-json\/wp\/v2\/categories?post=33150"},{"taxonomy":"post_tag","embeddable":true,"href":"https:\/\/rdnews.al\/index.php\/wp-json\/wp\/v2\/tags?post=33150"}],"curies":[{"name":"wp","href":"https:\/\/api.w.org\/{rel}","templated":true}]}}