{"id":33491,"date":"2023-01-10T11:01:35","date_gmt":"2023-01-10T11:01:35","guid":{"rendered":"https:\/\/rdnews.al\/?p=33491"},"modified":"2023-01-10T11:07:48","modified_gmt":"2023-01-10T11:07:48","slug":"zbulohen-te-tjera-detaje-alda-klosi-dha-doreheqjen-ne-kyeministri-5-dite-pas-grabitjes","status":"publish","type":"post","link":"https:\/\/rdnews.al\/index.php\/2023\/01\/10\/zbulohen-te-tjera-detaje-alda-klosi-dha-doreheqjen-ne-kyeministri-5-dite-pas-grabitjes\/","title":{"rendered":"Zbulohen t\u00eb tjera detaje, Klosi dha dor\u00ebheqjen n\u00eb Kyeministri 5 dit\u00eb pas grabitjes"},"content":{"rendered":"<p>Ish-shefja n\u00eb kabinetin e z\u00ebvend\u00ebs kryeministrit Arben Ahmetaj, Alda Klosi, e cila ra pre e grabitjes nga n\u00ebn\u00eb e bir, Rozeta dhe Havier Dobi, do t\u00eb merret s\u00ebrish n\u00eb pyetje nga prokuroria. M\u00ebsohet se ajo ka dh\u00ebn\u00eb dor\u00ebheqjen nga posti q\u00eb mbante n\u00eb Kryeministri 5 dit\u00eb pasi ka ndodhur grabitja n\u00eb sht\u00ebpin\u00eb e saj.<\/p>\n<p>Klosi \u00ebsht\u00eb pronare e dy apartamenteve n\u00eb Sh\u00ebngjin me sip\u00ebrfaqe 94 m2 dhe dhe 42 m2. Nga t\u00eb dh\u00ebnat e siguruara, \u00ebsht\u00eb b\u00ebr\u00eb pronare e pasurive n\u00eb tetor 2021 me kontrat\u00eb dhurimi. Nuk dihet se kush dhe n\u00eb \u00e7far\u00eb rrethanash dy apartamentet i jan\u00eb dhuruar Klosit dhe se kush \u00ebsht\u00eb personi q\u00eb ka vendosur t&#8217;i b\u00ebj\u00eb nj\u00eb dhurat\u00eb t\u00eb till\u00eb.<\/p>\n<p>Alda Klosi \u00ebsht\u00eb bashk\u00ebpronare me Altin Klosin, t\u00eb v\u00ebllan\u00eb e saj, me t\u00eb cinin ka nj\u00eb apartament 72 m2 n\u00eb Tiran\u00eb si dhe i nj\u00eb tjet\u00ebr apartamenti 47 m2 n\u00eb Tiran\u00eb. Ish-zyrtarja e shtetit \u00ebsht\u00eb gjithashtu bashk\u00ebpronare e nj\u00eb tjet\u00ebr apartament n\u00eb Tiran\u00eb me sip\u00ebrfaqe 50 m2. Gjithashtu, Klosi \u00ebsht\u00eb bashk\u00ebpronare edhe e dy sip\u00ebrfaqeve trualli n\u00eb Tiran\u00eb 216 m2 dhe 160 m2. P\u00ebr t\u00eb mbyllur, ka n\u00eb pron\u00ebsi edhe nj\u00eb makin\u00eb t\u00eb tipit Toyota RAV4, e vitit 2013.<\/p>\n<p>Mbetet p\u00ebr t&#8217;u par\u00eb n\u00ebse Alda Klosi i ka deklaruar parat\u00eb q\u00eb mbante n\u00eb banes\u00eb dhe bizhuterit\u00eb pran\u00eb ILDKPKI si subjekt i deklarimit t\u00eb pasurive, si dhe pasurit\u00eb e paluajtshme n\u00eb Sh\u00ebngjin dhe Tiran\u00eb.\u00a0Dosja.al\u00a0ka b\u00ebr\u00eb nj\u00eb k\u00ebrkes\u00eb zyrtare p\u00ebr informacion pran\u00eb institucionit p\u00ebr t\u00eb m\u00ebsuar m\u00eb shum\u00eb detaje, por ende nuk ka nj\u00eb p\u00ebrgjigje lidhur me rastin n\u00eb fjal\u00eb.<\/p>\n<p>Vet\u00ebm dy dit\u00eb m\u00eb par\u00eb u zbulua nj\u00eb megavjedhje ku Rozeta Dobi, pastruese bashk\u00eb me t\u00eb birin, Havierin vun\u00eb n\u00eb sh\u00ebnjest\u00ebr dhe vodh\u00ebn mbi 540 mij\u00eb euro, plus nj\u00eb sasi t\u00eb konsiderueshme florinjsh dhe sendesh me vler\u00eb. Banesa q\u00eb solli zbulimin e dyshes ishte ajo e k\u00ebshilltares n\u00eb Kryeministri, Alda Klosi, nj\u00ebherazi ish-shefe e Kabinetit t\u00eb ish-ministrit t\u00eb Rind\u00ebrtimit, Arben Ahmetaj. Ata vodh\u00ebn te sht\u00ebpia e Klosit 120 mij\u00eb euro lek\u00eb dhe florinj. Por kjo vjedhje ka sh\u00ebrbyer si nj\u00eb shk\u00ebndij\u00eb p\u00ebr nj\u00eb tjet\u00ebr \u00e7\u00ebshtje. At\u00eb t\u00eb burimit t\u00eb parave t\u00eb vjedhura. N\u00eb d\u00ebshmin\u00eb e saj p\u00ebr mediat, Klosi thot\u00eb se parat\u00eb i kishte mbledhur p\u00ebr kurimin e xhaxhait nd\u00ebrsa p\u00ebr to nuk ka asnj\u00eb fatur\u00eb.\/Dosja.al<\/p>\n","protected":false},"excerpt":{"rendered":"<p>Ish-shefja n\u00eb kabinetin e z\u00ebvend\u00ebs kryeministrit Arben Ahmetaj, Alda Klosi, e cila ra pre e grabitjes nga n\u00ebn\u00eb e bir, Rozeta dhe Havier Dobi, do t\u00eb merret s\u00ebrish n\u00eb pyetje nga prokuroria. M\u00ebsohet se ajo ka dh\u00ebn\u00eb dor\u00ebheqjen nga posti q\u00eb mbante n\u00eb Kryeministri 5 dit\u00eb pasi ka ndodhur grabitja n\u00eb sht\u00ebpin\u00eb e saj. Klosi &hellip;<\/p>\n","protected":false},"author":4,"featured_media":33492,"comment_status":"open","ping_status":"open","sticky":false,"template":"","format":"standard","meta":{"footnotes":""},"categories":[37],"tags":[],"class_list":["post-33491","post","type-post","status-publish","format-standard","has-post-thumbnail","","category-politike"],"_links":{"self":[{"href":"https:\/\/rdnews.al\/index.php\/wp-json\/wp\/v2\/posts\/33491","targetHints":{"allow":["GET"]}}],"collection":[{"href":"https:\/\/rdnews.al\/index.php\/wp-json\/wp\/v2\/posts"}],"about":[{"href":"https:\/\/rdnews.al\/index.php\/wp-json\/wp\/v2\/types\/post"}],"author":[{"embeddable":true,"href":"https:\/\/rdnews.al\/index.php\/wp-json\/wp\/v2\/users\/4"}],"replies":[{"embeddable":true,"href":"https:\/\/rdnews.al\/index.php\/wp-json\/wp\/v2\/comments?post=33491"}],"version-history":[{"count":0,"href":"https:\/\/rdnews.al\/index.php\/wp-json\/wp\/v2\/posts\/33491\/revisions"}],"wp:featuredmedia":[{"embeddable":true,"href":"https:\/\/rdnews.al\/index.php\/wp-json\/wp\/v2\/media\/33492"}],"wp:attachment":[{"href":"https:\/\/rdnews.al\/index.php\/wp-json\/wp\/v2\/media?parent=33491"}],"wp:term":[{"taxonomy":"category","embeddable":true,"href":"https:\/\/rdnews.al\/index.php\/wp-json\/wp\/v2\/categories?post=33491"},{"taxonomy":"post_tag","embeddable":true,"href":"https:\/\/rdnews.al\/index.php\/wp-json\/wp\/v2\/tags?post=33491"}],"curies":[{"name":"wp","href":"https:\/\/api.w.org\/{rel}","templated":true}]}}