{"id":33765,"date":"2023-01-12T11:59:58","date_gmt":"2023-01-12T11:59:58","guid":{"rendered":"https:\/\/rdnews.al\/?p=33765"},"modified":"2023-01-12T11:59:58","modified_gmt":"2023-01-12T11:59:58","slug":"franca-dhe-polonia-shtyjne-gjermanine-te-dergoje-tanke-leopard-2-ne-ukraine","status":"publish","type":"post","link":"https:\/\/rdnews.al\/index.php\/2023\/01\/12\/franca-dhe-polonia-shtyjne-gjermanine-te-dergoje-tanke-leopard-2-ne-ukraine\/","title":{"rendered":"Franca dhe Polonia shtyjn\u00eb Gjermanin\u00eb t\u00eb d\u00ebrgoj\u00eb tanke \u201cLeopard 2\u201d n\u00eb Ukrain\u00eb"},"content":{"rendered":"<p>BERLIN\/PARIS &#8211; M\u00eb pak se nj\u00eb jav\u00eb pasi Gjermania m\u00eb n\u00eb fund ra dakord t\u00eb furnizonte Ukrain\u00ebn me automjete luftarake k\u00ebmb\u00ebsorie Marder, presioni po rritet mbi Berlinin p\u00ebr ta rritur at\u00eb dhe p\u00ebr t\u00eb d\u00ebrguar tanke moderne luftarake.<\/p>\n<p>Franca dhe Polonia po e shtyjn\u00eb ekonomin\u00eb m\u00eb t\u00eb madhe t\u00eb BE-s\u00eb p\u00ebr t\u00eb pajisur Kievin me tankun e saj t\u00eb fuqish\u00ebm Leopard 2, nd\u00ebrsa Britania thuhet se po konsideron t\u00eb d\u00ebrgoj\u00eb rreth nj\u00eb duzin\u00eb prej tankeve t\u00eb saj kryesore t\u00eb betej\u00ebs Challenger 2 n\u00eb Ukrain\u00eb.<\/p>\n<p>N\u00ebse Britania do ta b\u00ebnte k\u00ebt\u00eb, kjo do ta b\u00ebnte duksh\u00ebm m\u00eb t\u00eb v\u00ebshtir\u00eb p\u00ebr Berlinin t\u00eb fshihej pas argumentit aktual se nuk d\u00ebshiron t\u00eb veproj\u00eb i vet\u00ebm n\u00eb d\u00ebrgimin e armatimit t\u00eb r\u00ebnd\u00eb.<\/p>\n<p>Pothuajse nj\u00eb vit pas luft\u00ebs s\u00eb Rusis\u00eb kund\u00ebr Ukrain\u00ebs, analist\u00ebt ushtarak\u00eb per\u00ebndimor\u00eb kan\u00eb frik\u00eb se Moska\u00a0do t\u00eb nis\u00eb nj\u00eb ofensiv\u00eb t\u00eb re\u00a0n\u00eb jav\u00ebt ose muajt e ardhsh\u00ebm, duke shfryt\u00ebzuar varf\u00ebrimin e rezervave t\u00eb municionit t\u00eb Kievit.<\/p>\n<p>Furnizimi me tanke moderne per\u00ebndimore si Leopard 2 do t\u00eb ishte nj\u00eb shtys\u00eb e madhe p\u00ebr ushtrin\u00eb e Ukrain\u00ebs, pasi aleat\u00ebt e Kievit deri m\u00eb tani kan\u00eb qen\u00eb t\u00eb gatsh\u00ebm t\u00eb d\u00ebrgojn\u00eb vet\u00ebm tanke t\u00eb vjetra t\u00eb epok\u00ebs sovjetike q\u00eb kishin qen\u00eb ende n\u00eb stoqet e vendeve t\u00eb Evrop\u00ebs Lindore, si dhe sistemet e arm\u00ebve t\u00eb tilla si obus\u00ebt dhe mbrojtja ajrore.<\/p>\n<p>Nj\u00eb zyrtar francez i tha POLITICO se Parisi po i kthen vidhat Gjermanis\u00eb me shpres\u00ebn p\u00ebr t\u00eb nxjerr\u00eb nj\u00eb marr\u00ebveshje nga Berlini p\u00ebr t\u00eb d\u00ebrguar tanke Leopard n\u00eb Ukrain\u00eb p\u00ebrpara nj\u00eb samiti franko-gjerman m\u00eb 22 janar, n\u00eb 60 vjetorin e traktatit t\u00eb partneritetit t\u00eb Elysee midis t\u00eb dyve kombeve.<\/p>\n<p>Presion i ngjash\u00ebm vjen nga Polonia, e cila d\u00ebshiron t\u00eb krijoj\u00eb nj\u00eb koalicion t\u00eb gjer\u00eb midis partner\u00ebve per\u00ebndimor\u00eb p\u00ebr t&#8217;i dor\u00ebzuar s\u00eb bashku Leopard\u00ebt n\u00eb Ukrain\u00eb.<\/p>\n<p>\u201cNe inkurajojm\u00eb vendet e tjera t\u00eb formojn\u00eb nj\u00eb koalicion t\u00eb gjer\u00eb p\u00ebr transferimin e tankeve m\u00eb moderne n\u00eb Ukrain\u00eb, si\u00e7 jan\u00eb tanket Leopard\u201d, tha z\u00ebvend\u00ebsministri i Jasht\u00ebm Pawe\u0142 Jab\u0142o\u0144ski\u00a0p\u00ebr radion\u00a0publike polake t\u00eb h\u00ebn\u00ebn.<\/p>\n<p>Gjermania, Spanja, Polonia, Greqia, Danimarka dhe Finlanda jan\u00eb nd\u00ebr vendet e shumta q\u00eb tashm\u00eb p\u00ebrdorin Leopard 2 prej rreth 60 ton\u00ebsh, i cili \u00ebsht\u00eb i pajisur me nj\u00eb top 120 milimetrash, si dhe nj\u00eb sistem mbrojt\u00ebs dhe forca t\u00eb blinduara moderne.<\/p>\n<p>Kjo do t&#8217;i lejonte aleat\u00ebt t\u00eb organizonin s\u00eb bashku shp\u00ebrndarjen e tankeve dhe municioneve t\u00eb nevojshme, dhe t\u00eb bashkoheshin p\u00ebr mir\u00ebmbajtjen dhe riparimin e k\u00ebrkuar.<\/p>\n<p>\u201cUkrainasit i duan v\u00ebrtet Leopard\u00ebt, sepse ka shum\u00eb n\u00eb magazin\u00eb n\u00eb t\u00eb gjith\u00eb Evrop\u00ebn\u201d, tha zyrtari francez, i cili \u00ebsht\u00eb i njohur me diskutimet e tankeve.<\/p>\n<p>Megjithat\u00eb, duke qen\u00eb se Leopard\u00ebt prodhohen nga kompania e mbrojtjes me baz\u00eb n\u00eb Mynih, Krauss-Maffei Wegmann, dor\u00ebzimi i tyre n\u00eb Ukrain\u00eb k\u00ebrkon nj\u00eb autorizim rieksporti nga vendi i origjin\u00ebs, Gjermania \u2013 q\u00eb do t\u00eb thot\u00eb se presioni nd\u00ebrkomb\u00ebtar tani po p\u00ebrqendrohet n\u00eb Berlin.<\/p>\n<p>&#8220;Polonia mund t\u00eb dor\u00ebzoj\u00eb Leopard\u00ebt vet\u00ebm n\u00eb nj\u00eb koalicion vendesh,&#8221; u tha gazetar\u00ebve t\u00eb shtun\u00ebn kryeministri polak Mateusz Morawiecki, duke shtuar se bisedimet me vendet e tjera p\u00ebr formimin e nj\u00eb aleance t\u00eb till\u00eb jan\u00eb n\u00eb vazhdim.<\/p>\n<p>\u201cKam biseduar p\u00ebr k\u00ebt\u00eb me kancelarin gjerman Olaf Scholz disa jav\u00eb m\u00eb par\u00eb n\u00eb Bruksel dhe mendoj se mund t\u00eb dim\u00eb m\u00eb shum\u00eb p\u00ebr t\u00eb n\u00eb dit\u00ebt n\u00eb vijim,\u201d shtoi Morawiecki.<\/p>\n<p><strong>Linja gjermane e mbrojtjes<\/strong><\/p>\n<p>I pyetur n\u00eb lidhje me k\u00ebrkesat e partner\u00ebve t\u00eb till\u00eb si Polonia p\u00ebr t\u00eb krijuar nj\u00eb aleanc\u00eb t\u00eb till\u00eb tankesh, nj\u00eb z\u00ebdh\u00ebn\u00ebs i qeveris\u00eb gjermane tha t\u00eb h\u00ebn\u00ebn se ai &#8220;nuk ishte n\u00eb dijeni p\u00ebr ndonj\u00eb k\u00ebrkes\u00eb t\u00eb till\u00eb p\u00ebr momentin&#8221;, por theksoi se &#8220;ne e rivler\u00ebsojm\u00eb vazhdimisht situat\u00ebn dhe m\u00eb pas nxjerrim nga af\u00ebr nd\u00ebrkomb\u00ebtarisht vendimet e koordinuara prej saj.\u201d<\/p>\n<p>Vet\u00ebm t\u00eb enjten e kaluar, kancelari gjerman Olaf Scholz dhe presidenti amerikan Joe Biden njoftuan n\u00eb nj\u00eb\u00a0deklarat\u00eb t\u00eb p\u00ebrbashk\u00ebt\u00a0se vendet e tyre do t\u00eb d\u00ebrgonin automjete luftarake k\u00ebmb\u00ebsorie \u2013 deri n\u00eb 40 gjerman\u00eb Marder dhe rreth 50 Bradley amerikan\u00eb \u2013 n\u00eb Ukrain\u00eb;\u00a0nj\u00eb dit\u00eb pasi Presidenti francez Emmanuel Macron\u00a0kishte nxituar p\u00ebrpara\u00a0duke njoftuar dor\u00ebzimin e automjeteve luftarake t\u00eb blinduara franceze AMX-10 RC.<\/p>\n<p>Nd\u00ebrsa zyrtar\u00ebt gjerman\u00eb k\u00ebmb\u00ebngulin se njoftimi rezultoi nga koordinimi i ngusht\u00eb, shum\u00eb faktor\u00eb \u2013 si ministrja e Mbrojtjes Christine Lambrecht q\u00eb tha vet\u00ebm disa jav\u00eb m\u00eb par\u00eb se do t\u00eb ishte e pamundur p\u00ebr Gjermanin\u00eb t\u00eb d\u00ebrgonte ndonj\u00eb Marder n\u00eb Ukrain\u00eb, pasi i duheshin p\u00ebr ushtrin\u00eb e vet \u2013 sugjerojn\u00eb q\u00eb Berlini e mori vendimin me ngurrim dhe vet\u00ebm mes presionit nd\u00ebrkomb\u00ebtar n\u00eb rritje.<\/p>\n<p>Ky sugjerim u mb\u00ebshtet nga zyrtari francez, i cili, duke folur n\u00eb kushte anonimiteti p\u00ebr shkak t\u00eb ndjeshm\u00ebris\u00eb s\u00eb \u00e7\u00ebshtjes, tha se &#8220;q\u00ebllimi&#8221; i njoftimit t\u00eb Macron jav\u00ebn e kaluar p\u00ebr dor\u00ebzimin e mjeteve t\u00eb blinduara franceze luftarake &#8220;ishte thyerja e tabus\u00eb. [p\u00ebr d\u00ebrgimin e tankeve per\u00ebndimore n\u00eb Ukrain\u00eb], n\u00eb m\u00ebnyr\u00eb q\u00eb gjerman\u00ebt t\u00eb fillojn\u00eb t\u00eb l\u00ebvizin.\u201d<\/p>\n<p>\u201cKa nj\u00eb bashk\u00ebpunim midis Macron dhe Zelenskyy, dhe kjo u organizua disi p\u00ebr t\u00eb hequr ngurrimin e SHBA-s\u00eb dhe Gjermanis\u00eb [p\u00ebr d\u00ebrgimin e tankeve]\u201d, tha zyrtari.<\/p>\n<p>Ukraina i ka k\u00ebrkuar gjithashtu Parisit t\u00eb d\u00ebrgoj\u00eb tanke luftarake franceze Leclerc n\u00eb Ukrain\u00eb, nj\u00eb k\u00ebrkes\u00eb q\u00eb aktualisht po shqyrtohet nga autoritetet franceze.<\/p>\n<p>Zyrtar\u00ebt francez\u00eb paralajm\u00ebrojn\u00eb, megjithat\u00eb, se tanket Leclerc nuk jan\u00eb m\u00eb n\u00eb prodhim, duke ngritur pik\u00ebpyetje mbi mir\u00ebmbajtjen dhe sigurimin e pjes\u00ebve rezerv\u00eb &#8211; probleme me t\u00eb cilat Leopard\u00ebt, p\u00ebr shkak t\u00eb disponueshm\u00ebris\u00eb s\u00eb tyre t\u00eb gjer\u00eb n\u00eb shum\u00eb vende dhe prodhimit t\u00eb tyre t\u00eb vazhduesh\u00ebm, nuk p\u00ebrballen.<\/p>\n<p>Megjithat\u00eb, Franca do t\u00eb ishte e gatshme t\u00eb vendoste tanket e saj Leclerc tek aleat\u00ebt e NATO-s q\u00eb t\u00eb d\u00ebrgojn\u00eb disa nga tanket e tyre Leopard n\u00eb Ukrain\u00eb, n\u00eb m\u00ebnyr\u00eb q\u00eb t\u00eb mbushin boshll\u00ebqet, tha nj\u00eb zyrtar n\u00eb Paris.<\/p>\n<p>Nj\u00eb zyrtar n\u00eb Berlin tha se nj\u00eb sukses i duksh\u00ebm diplomatik i koh\u00ebve t\u00eb fundit nga Scholz, dometh\u00ebn\u00eb b\u00ebrja e Kin\u00ebs dhe nj\u00eb koalicioni m\u00eb i gjer\u00eb i vendeve t\u00eb tjera t\u00eb G20 p\u00ebr t\u00eb n\u00ebnshkruar nj\u00eb deklarat\u00eb q\u00eb i k\u00ebrkon Rusis\u00eb t\u00eb mos p\u00ebrdor\u00eb arm\u00eb b\u00ebrthamore, ka zbutur shqet\u00ebsimet n\u00eb Berlin se d\u00ebrgimi i m\u00eb shum\u00eb pajisjeve ushtarake per\u00ebndimore n\u00eb Ukrain\u00eb mund t\u00eb \u00e7oj\u00eb n\u00eb nj\u00eb Luft\u00eb t\u00eb Tret\u00eb Bot\u00ebrore.<\/p>\n<p>Megjithat\u00eb, z\u00ebdh\u00ebn\u00ebsi i qeveris\u00eb gjermane theksoi t\u00eb h\u00ebn\u00ebn se nj\u00eb nga q\u00ebllimet kryesore t\u00eb Berlinit mbetet shmangia e b\u00ebrjes nj\u00eb pal\u00eb aktive n\u00eb luft\u00eb dhe shtoi se nuk kishte &#8220;asnj\u00eb automatiz\u00ebm&#8221; q\u00eb do ta b\u00ebnte dor\u00ebzimin e Leopard\u00ebve &#8220;hapin tjet\u00ebr logjik&#8221; pas vendimit p\u00ebr t\u00eb d\u00ebrguar\u00a0tanke Marder.<\/p>\n<p>Nd\u00ebrkoh\u00eb, gazeta gjermane e lajmeve Der Spiegel\u00a0raportoi\u00a0t\u00eb h\u00ebn\u00ebn se qeveria e Mbret\u00ebris\u00eb s\u00eb Bashkuar po shqyrton furnizimin me rreth nj\u00eb duzin\u00eb tanke Challenger 2 n\u00eb Ukrain\u00eb, gj\u00eb q\u00eb do ta b\u00ebnte at\u00eb vendin e par\u00eb q\u00eb do t\u00eb mb\u00ebshteste Kievin me tanke kryesore t\u00eb betej\u00ebs per\u00ebndimore.<\/p>\n<p>Londra ka njoftuar tashm\u00eb d\u00ebrgimin e mundsh\u00ebm p\u00ebr partner\u00ebt &#8220;n\u00eb m\u00ebnyr\u00eb jodetyruese&#8221;, shkroi Der Spiegel, duke shtuar se vendimi ndoshta do t\u00eb zyrtarizohet vet\u00ebm n\u00eb nj\u00eb takim t\u00eb planifikuar t\u00eb zyrtar\u00ebve per\u00ebndimor\u00eb t\u00eb mbrojtjes n\u00eb baz\u00ebn ushtarake Ramstein n\u00eb Gjermani m\u00eb 20 janar.<\/p>\n<p>Ministria e Mbrojtjes e Mbret\u00ebris\u00eb s\u00eb Bashkuar as e mohoi dhe as e konfirmoi raportin, me nj\u00eb z\u00ebdh\u00ebn\u00ebs i cili tha: \u201cQeveria \u00ebsht\u00eb zotuar t\u00eb p\u00ebrputhet ose tejkaloj\u00eb fondet e vitit t\u00eb kaluar p\u00ebr ndihm\u00ebn ushtarake p\u00ebr Ukrain\u00ebn n\u00eb vitin 2023, dhe ne do t\u00eb vazhdojm\u00eb t\u00eb nd\u00ebrtojm\u00eb donacionet e fundit me trajnime dhe dhurata t\u00eb m\u00ebtejshme\u00a0t\u00eb pajisjeve.\u201d<strong> \/Politico.eu<\/strong><\/p>\n","protected":false},"excerpt":{"rendered":"<p>BERLIN\/PARIS &#8211; M\u00eb pak se nj\u00eb jav\u00eb pasi Gjermania m\u00eb n\u00eb fund ra dakord t\u00eb furnizonte Ukrain\u00ebn me automjete luftarake k\u00ebmb\u00ebsorie Marder, presioni po rritet mbi Berlinin p\u00ebr ta rritur at\u00eb dhe p\u00ebr t\u00eb d\u00ebrguar tanke moderne luftarake. Franca dhe Polonia po e shtyjn\u00eb ekonomin\u00eb m\u00eb t\u00eb madhe t\u00eb BE-s\u00eb p\u00ebr t\u00eb pajisur Kievin me &hellip;<\/p>\n","protected":false},"author":4,"featured_media":33766,"comment_status":"open","ping_status":"open","sticky":false,"template":"","format":"standard","meta":{"footnotes":""},"categories":[38],"tags":[],"class_list":["post-33765","post","type-post","status-publish","format-standard","has-post-thumbnail","","category-bota"],"_links":{"self":[{"href":"https:\/\/rdnews.al\/index.php\/wp-json\/wp\/v2\/posts\/33765","targetHints":{"allow":["GET"]}}],"collection":[{"href":"https:\/\/rdnews.al\/index.php\/wp-json\/wp\/v2\/posts"}],"about":[{"href":"https:\/\/rdnews.al\/index.php\/wp-json\/wp\/v2\/types\/post"}],"author":[{"embeddable":true,"href":"https:\/\/rdnews.al\/index.php\/wp-json\/wp\/v2\/users\/4"}],"replies":[{"embeddable":true,"href":"https:\/\/rdnews.al\/index.php\/wp-json\/wp\/v2\/comments?post=33765"}],"version-history":[{"count":0,"href":"https:\/\/rdnews.al\/index.php\/wp-json\/wp\/v2\/posts\/33765\/revisions"}],"wp:featuredmedia":[{"embeddable":true,"href":"https:\/\/rdnews.al\/index.php\/wp-json\/wp\/v2\/media\/33766"}],"wp:attachment":[{"href":"https:\/\/rdnews.al\/index.php\/wp-json\/wp\/v2\/media?parent=33765"}],"wp:term":[{"taxonomy":"category","embeddable":true,"href":"https:\/\/rdnews.al\/index.php\/wp-json\/wp\/v2\/categories?post=33765"},{"taxonomy":"post_tag","embeddable":true,"href":"https:\/\/rdnews.al\/index.php\/wp-json\/wp\/v2\/tags?post=33765"}],"curies":[{"name":"wp","href":"https:\/\/api.w.org\/{rel}","templated":true}]}}