{"id":33866,"date":"2023-01-12T22:04:23","date_gmt":"2023-01-12T22:04:23","guid":{"rendered":"https:\/\/rdnews.al\/?p=33866"},"modified":"2023-01-12T22:04:23","modified_gmt":"2023-01-12T22:04:23","slug":"berisha-ramen-e-pret-disfata-finale","status":"publish","type":"post","link":"https:\/\/rdnews.al\/index.php\/2023\/01\/12\/berisha-ramen-e-pret-disfata-finale\/","title":{"rendered":"Berisha: Ram\u00ebn e pret disfata finale"},"content":{"rendered":"<p>N\u00eb \u00c7im Peka Live, kryetari i opozit\u00ebs, Sali Berisha foli p\u00ebr p\u00ebrballjen finale elektorale me Edi Ram\u00ebn. Berisha tha se Rama do p\u00ebsoj\u00eb disfat\u00eb dhe do t\u00eb jap\u00eb llogari p\u00ebr t\u00eb gjitha pasojat e keqqeverisjes dhe ato q\u00eb u ka shkaktuar shqiptar\u00ebve.<\/p>\n<p><strong>Peka: E r\u00ebnd\u00ebsishme \u00ebsht\u00eb z. Berisha, se kam lexuar shum\u00eb komente n\u00eb rrjet, ku e p\u00ebrgjithshmja ishte; paskan qen\u00eb bashk\u00eb para 32 viteve dhe jan\u00eb s\u00ebrish bashk\u00eb n\u00eb politike pas 32 vitesh.<\/strong><\/p>\n<p><strong>Berisha:<\/strong>\u00a0Jo, jo, nuk ka krahasim m\u00eb fat keq. Pas 32 vitesh, jam n\u00eb politik\u00eb pasi kam dh\u00ebn\u00eb 3 ose 4 her\u00eb dor\u00ebheqjen. Edi Rama nuk ka dh\u00ebn\u00eb asnj\u00eb dor\u00ebheqje. Kaq. Pasi kam respektuar vot\u00ebn e lir\u00eb 3-4 her\u00eb, Rama nuk e ka respektuar asnj\u00ebher\u00eb. Mos krahasoni t\u00eb pakrahasueshmen. Edi Rama \u00ebsht\u00eb burim fatkeq\u00ebsie p\u00ebr k\u00ebt\u00eb komb, vend, kurse ai q\u00eb respekton rregullat ai ndjek rrjedh\u00ebn e demokracis\u00eb. Asnj\u00eb lloj krahasim nuk mund t\u00eb b\u00ebhet mes atij q\u00eb me kod moral jep dor\u00ebheqjen kur nuk e votojn\u00eb, atij q\u00eb rikthen n\u00eb m\u00ebnyr\u00ebn m\u00eb t\u00eb fuqishme vot\u00ebn n\u00eb partin\u00eb e tij, me at\u00eb q\u00eb zhduke vot\u00ebn n\u00eb partin\u00eb e tij. Me at\u00eb q\u00eb nuk pranon t\u00eb votohet ndonj\u00ebher\u00eb, me at\u00eb q\u00eb nuk pranon q\u00eb qytetar\u00ebt e tij t\u00eb votojn\u00eb. Pra po ti marrim k\u00ebshtu kemi t\u00eb b\u00ebjm\u00eb m\u00eb nj\u00eb autokrat, q\u00eb nuk njeh konceptet elementare t\u00eb demokracis\u00eb dhe nj\u00eb demokrat q\u00eb lufton p\u00ebr k\u00ebto parime. Kaq \u00ebsht\u00eb e gjith\u00eb historia k\u00ebtu. Askund tjet\u00ebr nuk mund ta vendos\u00ebsh k\u00ebt\u00eb.<\/p>\n<p><strong>Peka: A do t\u00eb ket\u00eb nj\u00eb p\u00ebrballje finale Sali Berisha-Edi Rama, apo nj\u00ebri do t\u00eb ndaloj\u00eb rrug\u00ebs.<\/strong><\/p>\n<p><strong>Berisha<\/strong>: Nj\u00eb p\u00ebrballje finale, do t\u00eb ket\u00eb nj\u00eb disfat\u00eb finale t\u00eb Edi Ram\u00ebs dhe ai do t\u00eb p\u00ebrgjigjet p\u00ebr t\u00eb gjitha k\u00ebto q\u00eb u ka b\u00ebr\u00eb shqiptar\u00ebve.<\/p>\n","protected":false},"excerpt":{"rendered":"<p>N\u00eb \u00c7im Peka Live, kryetari i opozit\u00ebs, Sali Berisha foli p\u00ebr p\u00ebrballjen finale elektorale me Edi Ram\u00ebn. Berisha tha se Rama do p\u00ebsoj\u00eb disfat\u00eb dhe do t\u00eb jap\u00eb llogari p\u00ebr t\u00eb gjitha pasojat e keqqeverisjes dhe ato q\u00eb u ka shkaktuar shqiptar\u00ebve. Peka: E r\u00ebnd\u00ebsishme \u00ebsht\u00eb z. Berisha, se kam lexuar shum\u00eb komente n\u00eb rrjet, &hellip;<\/p>\n","protected":false},"author":4,"featured_media":33845,"comment_status":"open","ping_status":"open","sticky":false,"template":"","format":"standard","meta":{"footnotes":""},"categories":[37],"tags":[],"class_list":["post-33866","post","type-post","status-publish","format-standard","has-post-thumbnail","","category-politike"],"_links":{"self":[{"href":"https:\/\/rdnews.al\/index.php\/wp-json\/wp\/v2\/posts\/33866","targetHints":{"allow":["GET"]}}],"collection":[{"href":"https:\/\/rdnews.al\/index.php\/wp-json\/wp\/v2\/posts"}],"about":[{"href":"https:\/\/rdnews.al\/index.php\/wp-json\/wp\/v2\/types\/post"}],"author":[{"embeddable":true,"href":"https:\/\/rdnews.al\/index.php\/wp-json\/wp\/v2\/users\/4"}],"replies":[{"embeddable":true,"href":"https:\/\/rdnews.al\/index.php\/wp-json\/wp\/v2\/comments?post=33866"}],"version-history":[{"count":0,"href":"https:\/\/rdnews.al\/index.php\/wp-json\/wp\/v2\/posts\/33866\/revisions"}],"wp:featuredmedia":[{"embeddable":true,"href":"https:\/\/rdnews.al\/index.php\/wp-json\/wp\/v2\/media\/33845"}],"wp:attachment":[{"href":"https:\/\/rdnews.al\/index.php\/wp-json\/wp\/v2\/media?parent=33866"}],"wp:term":[{"taxonomy":"category","embeddable":true,"href":"https:\/\/rdnews.al\/index.php\/wp-json\/wp\/v2\/categories?post=33866"},{"taxonomy":"post_tag","embeddable":true,"href":"https:\/\/rdnews.al\/index.php\/wp-json\/wp\/v2\/tags?post=33866"}],"curies":[{"name":"wp","href":"https:\/\/api.w.org\/{rel}","templated":true}]}}