{"id":34394,"date":"2023-01-18T10:44:36","date_gmt":"2023-01-18T10:44:36","guid":{"rendered":"https:\/\/rdnews.al\/?p=34394"},"modified":"2023-01-18T10:46:18","modified_gmt":"2023-01-18T10:46:18","slug":"mandela-i-ballkanit-sot-eshte-dita-dita-per-te-perkujtuar-pjeter-arbnorin","status":"publish","type":"post","link":"https:\/\/rdnews.al\/index.php\/2023\/01\/18\/mandela-i-ballkanit-sot-eshte-dita-dita-per-te-perkujtuar-pjeter-arbnorin\/","title":{"rendered":"\u201cMandela i Ballkanit\u201d\/ Sot \u00ebsht\u00eb dita dita p\u00ebr t\u00eb p\u00ebrkujtuar Pjet\u00ebr Arbnorin"},"content":{"rendered":"<p>Sot \u00ebsht\u00eb dita p\u00ebr t\u00eb p\u00ebrkujtuar, shkrimtarin, p\u00ebrkthyesin dhe politikanin Pjet\u00ebr Arbnori, i mbiquajtur\u00a0&#8220;Mandela i Ballkanit&#8221;, p\u00ebr shkak t\u00eb koh\u00ebs s\u00eb gjat\u00eb 28 vje\u00e7are t\u00eb kaluar n\u00eb burgjet e diktatur\u00ebs komuniste.<\/p>\n<p>Muze Komb\u00ebtar &#8220;Sht\u00ebpia me Gjethe&#8221; sjell n\u00eb kujtes\u00eb se, 18 janari 1935 \u00ebsht\u00eb dita e tij e lindjes dhe sot Arbnori do t\u00eb mbushte\u00a088 vje\u00e7.<\/p>\n<p>Pjet\u00ebr Arbnori lindi m\u00eb dat\u00eb 18 janar t\u00eb vitit 1935 n\u00eb qytetin e Durr\u00ebsit. Gjat\u00eb Luft\u00ebs s\u00eb Dyt\u00eb Bot\u00ebrore, forcat partizane vran\u00eb babain e tij dhe q\u00ebndrimi antikomunist i familjes s\u00eb tij do t\u00eb ishte shkak q\u00eb Pjet\u00ebr Arbnorit t&#8217;i mohohej e drejta p\u00ebr t\u00eb vazhduar shkoll\u00ebn e lart\u00eb, edhe pse t\u00eb mesmen e kishte p\u00ebrfunduar me rezultate t\u00eb shk\u00eblqyera.<\/p>\n<p>Duke mos u pajtuar asnj\u00ebher\u00eb me vij\u00ebn politike t\u00eb regjimit komunist, ai dhe intelektual\u00eb t\u00eb tjer\u00eb krijuan n\u00eb fsheht\u00ebsi L\u00ebvizjen Social-Demokrate, e cila u zbulua nga Sigurimi i Shtetit. Fillimisht atij iu dha d\u00ebnimi me vdekje, por ky d\u00ebnim iu kthye n\u00eb 25 vjet burg, sepse autoritetet shpresonin akoma q\u00eb n\u00ebp\u00ebrmjet Arbnorit t\u00eb zbulonin pjes\u00ebtar\u00eb t\u00eb tjer\u00eb t\u00eb organizat\u00ebs s\u00eb fsheht\u00eb ku ai b\u00ebnte pjes\u00eb.<\/p>\n<p>Pas p\u00ebrfundimit t\u00eb d\u00ebnimit, ai u rid\u00ebnua, duke vuajtur 28 vite n\u00eb burgun e Burrelit.<\/p>\n<p>U lirua n\u00eb vitin 1989, vite ku tashm\u00eb ndihej era e ndryshimit. Ishte mjaft aktiv n\u00eb luft\u00ebn p\u00ebr rr\u00ebzimin e regjimit komunist si dhe bashk\u00ebthemelues i Partis\u00eb Demokratike n\u00eb Shkod\u00ebr. N\u00eb vitet 1992-1997 sh\u00ebrbeu si Kryetar Kuvendi. Pas vitit 1997 ai b\u00ebri p\u00ebrpjekje q\u00eb censura e shtetit n\u00eb media t\u00eb eleminohej. Ndryshimet n\u00eb ligj q\u00eb pasuan n\u00eb k\u00ebt\u00eb fush\u00eb u quajt\u00ebn &#8220;Amendamenti Arbnori&#8221;.<\/p>\n<p>Rreth krijimtaris\u00eb s\u00eb tij letrare rendisim: &#8220;Kur dynden viking\u00ebt&#8221;, &#8220;Bukuroshja me hijen&#8221;, &#8220;E bardha dhe e zeza&#8221;, &#8220;E panjohura&#8221;, &#8220;Vdekja e Gebelsit&#8221;, &#8220;Sht\u00ebpia e mbetur p\u00ebrgjysm\u00eb&#8221;, \u201cLet\u00ebr nga burgu\u201d, etj.<\/p>\n<p>Pjet\u00ebr Arbnori vdiq n\u00eb Itali, n\u00eb korrik t\u00eb vitit 2006.<\/p>\n","protected":false},"excerpt":{"rendered":"<p>Sot \u00ebsht\u00eb dita p\u00ebr t\u00eb p\u00ebrkujtuar, shkrimtarin, p\u00ebrkthyesin dhe politikanin Pjet\u00ebr Arbnori, i mbiquajtur\u00a0&#8220;Mandela i Ballkanit&#8221;, p\u00ebr shkak t\u00eb koh\u00ebs s\u00eb gjat\u00eb 28 vje\u00e7are t\u00eb kaluar n\u00eb burgjet e diktatur\u00ebs komuniste. Muze Komb\u00ebtar &#8220;Sht\u00ebpia me Gjethe&#8221; sjell n\u00eb kujtes\u00eb se, 18 janari 1935 \u00ebsht\u00eb dita e tij e lindjes dhe sot Arbnori do t\u00eb mbushte\u00a088 &hellip;<\/p>\n","protected":false},"author":4,"featured_media":34397,"comment_status":"open","ping_status":"open","sticky":false,"template":"","format":"standard","meta":{"footnotes":""},"categories":[42],"tags":[],"class_list":["post-34394","post","type-post","status-publish","format-standard","has-post-thumbnail","","category-kulture"],"_links":{"self":[{"href":"https:\/\/rdnews.al\/index.php\/wp-json\/wp\/v2\/posts\/34394","targetHints":{"allow":["GET"]}}],"collection":[{"href":"https:\/\/rdnews.al\/index.php\/wp-json\/wp\/v2\/posts"}],"about":[{"href":"https:\/\/rdnews.al\/index.php\/wp-json\/wp\/v2\/types\/post"}],"author":[{"embeddable":true,"href":"https:\/\/rdnews.al\/index.php\/wp-json\/wp\/v2\/users\/4"}],"replies":[{"embeddable":true,"href":"https:\/\/rdnews.al\/index.php\/wp-json\/wp\/v2\/comments?post=34394"}],"version-history":[{"count":0,"href":"https:\/\/rdnews.al\/index.php\/wp-json\/wp\/v2\/posts\/34394\/revisions"}],"wp:featuredmedia":[{"embeddable":true,"href":"https:\/\/rdnews.al\/index.php\/wp-json\/wp\/v2\/media\/34397"}],"wp:attachment":[{"href":"https:\/\/rdnews.al\/index.php\/wp-json\/wp\/v2\/media?parent=34394"}],"wp:term":[{"taxonomy":"category","embeddable":true,"href":"https:\/\/rdnews.al\/index.php\/wp-json\/wp\/v2\/categories?post=34394"},{"taxonomy":"post_tag","embeddable":true,"href":"https:\/\/rdnews.al\/index.php\/wp-json\/wp\/v2\/tags?post=34394"}],"curies":[{"name":"wp","href":"https:\/\/api.w.org\/{rel}","templated":true}]}}