{"id":34507,"date":"2023-01-19T09:53:30","date_gmt":"2023-01-19T09:53:30","guid":{"rendered":"https:\/\/rdnews.al\/?p=34507"},"modified":"2023-01-19T09:53:30","modified_gmt":"2023-01-19T09:53:30","slug":"vijojne-debatet-ne-france-disa-lojtare-ishin-xheloze-ndaj-benzema","status":"publish","type":"post","link":"https:\/\/rdnews.al\/index.php\/2023\/01\/19\/vijojne-debatet-ne-france-disa-lojtare-ishin-xheloze-ndaj-benzema\/","title":{"rendered":"Vijojn\u00eb debatet n\u00eb Franc\u00eb: Disa lojtar\u00eb ishin xheloz\u00eb ndaj Benzema!"},"content":{"rendered":"<p>N\u00eb Franc\u00eb vazhdon t\u00eb shkaktoj\u00eb debat \u00e7\u00ebshtja Karim Benzema. \u201cTopi i Art\u00eb\u201d nuk p\u00ebrfitoi asnj\u00eb minut\u00eb n\u00eb Bot\u00ebrorin e Katarit. Sulmuesi u rikuperua dhe ishte gati t\u00eb jepte kontributin e tij n\u00eb finalen e madhe kund\u00ebr Argjentin\u00ebs, por Didier Deschamps zgjodhi t\u00eb mos p\u00ebrfitonte nga klasi dhe eksperienca e kapitenit t\u00eb Realit t\u00eb Madridit.<\/p>\n<p>Patrice Evra i ka dal\u00eb n\u00eb krah 35-vje\u00e7arit, duke hedhur akuza t\u00eb forta p\u00ebr lojtar\u00ebt e n\u00ebnkampion\u00ebve t\u00eb bot\u00ebs. \u201cKa nj\u00eb problem n\u00eb aspektin human, un\u00eb u zhg\u00ebnjeva nga q\u00ebndrimi i lojtar\u00ebve.<\/p>\n<p>Duke e par\u00eb nga jasht\u00eb m\u2019u krijua p\u00ebrshtypja sikur Benzema m\u00ebrziti shum\u00eb njer\u00ebz. Duhet t\u00eb shkosh n\u00eb luft\u00eb p\u00ebr nj\u00eb shok skuadre! Po ju jap shembullin e Di Maria-s, i cili ishte i d\u00ebmtuar gjat\u00eb gjith\u00eb Kup\u00ebs s\u00eb Bot\u00ebs.<\/p>\n<p>Por, ai luajti n\u00eb finale dhe sh\u00ebnoi gol, nd\u00ebrsa ne nuk shfryt\u00ebzuam fituesin e Topit t\u00eb Art\u00eb. Edhe trajneri ka p\u00ebrgjegj\u00ebsit\u00eb e tij, pasi \u00ebsht\u00eb personi q\u00eb merr vendime. Mendoj se Deschamps gjithmon\u00eb vendos ekipin p\u00ebrpara \u00e7do individi.<\/p>\n<p>Flitet gjithashtu se disa lojtar\u00eb ishin t\u00eb zem\u00ebruar dhe xheloz\u00eb kundrejt Benzema. Ata b\u00ebn\u00eb t\u00eb nj\u00ebjtin gabim si Kampion\u00ebt e Bot\u00ebs t\u00eb vitit 1998, t\u00eb cil\u00ebt mendonin se skuadra franceze ishte e tyre. Skuadra komb\u00ebtare \u00ebsht\u00eb e t\u00eb gjith\u00ebve\u201d, u shpreh Evra, i cili veshi 81 her\u00eb fanell\u00ebn e \u201cGjelave\u201d.<\/p>\n","protected":false},"excerpt":{"rendered":"<p>N\u00eb Franc\u00eb vazhdon t\u00eb shkaktoj\u00eb debat \u00e7\u00ebshtja Karim Benzema. \u201cTopi i Art\u00eb\u201d nuk p\u00ebrfitoi asnj\u00eb minut\u00eb n\u00eb Bot\u00ebrorin e Katarit. Sulmuesi u rikuperua dhe ishte gati t\u00eb jepte kontributin e tij n\u00eb finalen e madhe kund\u00ebr Argjentin\u00ebs, por Didier Deschamps zgjodhi t\u00eb mos p\u00ebrfitonte nga klasi dhe eksperienca e kapitenit t\u00eb Realit t\u00eb Madridit. Patrice &hellip;<\/p>\n","protected":false},"author":4,"featured_media":32005,"comment_status":"open","ping_status":"open","sticky":false,"template":"","format":"standard","meta":{"footnotes":""},"categories":[39],"tags":[],"class_list":["post-34507","post","type-post","status-publish","format-standard","has-post-thumbnail","","category-sport"],"_links":{"self":[{"href":"https:\/\/rdnews.al\/index.php\/wp-json\/wp\/v2\/posts\/34507","targetHints":{"allow":["GET"]}}],"collection":[{"href":"https:\/\/rdnews.al\/index.php\/wp-json\/wp\/v2\/posts"}],"about":[{"href":"https:\/\/rdnews.al\/index.php\/wp-json\/wp\/v2\/types\/post"}],"author":[{"embeddable":true,"href":"https:\/\/rdnews.al\/index.php\/wp-json\/wp\/v2\/users\/4"}],"replies":[{"embeddable":true,"href":"https:\/\/rdnews.al\/index.php\/wp-json\/wp\/v2\/comments?post=34507"}],"version-history":[{"count":0,"href":"https:\/\/rdnews.al\/index.php\/wp-json\/wp\/v2\/posts\/34507\/revisions"}],"wp:featuredmedia":[{"embeddable":true,"href":"https:\/\/rdnews.al\/index.php\/wp-json\/wp\/v2\/media\/32005"}],"wp:attachment":[{"href":"https:\/\/rdnews.al\/index.php\/wp-json\/wp\/v2\/media?parent=34507"}],"wp:term":[{"taxonomy":"category","embeddable":true,"href":"https:\/\/rdnews.al\/index.php\/wp-json\/wp\/v2\/categories?post=34507"},{"taxonomy":"post_tag","embeddable":true,"href":"https:\/\/rdnews.al\/index.php\/wp-json\/wp\/v2\/tags?post=34507"}],"curies":[{"name":"wp","href":"https:\/\/api.w.org\/{rel}","templated":true}]}}