{"id":34509,"date":"2023-01-19T09:56:44","date_gmt":"2023-01-19T09:56:44","guid":{"rendered":"https:\/\/rdnews.al\/?p=34509"},"modified":"2023-01-19T10:10:06","modified_gmt":"2023-01-19T10:10:06","slug":"durresi-noton-ne-uje-sakos-i-shperthejne-ujerat-e-zeza-ne-mes-te-qytetit","status":"publish","type":"post","link":"https:\/\/rdnews.al\/index.php\/2023\/01\/19\/durresi-noton-ne-uje-sakos-i-shperthejne-ujerat-e-zeza-ne-mes-te-qytetit\/","title":{"rendered":"Durr\u00ebsi noton n\u00eb uj\u00eb, Sakos i shp\u00ebrthejn\u00eb uj\u00ebrat e zeza!"},"content":{"rendered":"<p>Uj\u00ebrat e zeza kan\u00eb shp\u00ebrthyer n\u00eb mes t\u00eb Durr\u00ebsit, pas p\u00ebrmbytjes s\u00eb nat\u00ebs s\u00eb fundit t\u00eb qytetit. Tashm\u00eb, ato nuk jan\u00eb m\u00eb problem vet\u00ebm i banor\u00ebve t\u00eb ish-K\u00ebnet\u00ebs, t\u00eb cil\u00ebve uj\u00ebrave e zeza iu v\u00ebrshojn\u00eb brenda sht\u00ebpive sa her\u00eb bie shi, por po v\u00ebrshojn\u00eb n\u00eb rrug\u00ebt kryesore t\u00eb qytetit q\u00eb menaxhoeht nga kryebashkiakja socialiste Emirjano Sako.<\/p>\n<p>Problemi i bllokimit t\u00eb kanalizimeve t\u00eb Durr\u00ebs \u00ebhst\u00eb i vjet\u00ebr dhe nuk ka gjetur zgjidhje.<\/p>\n<p>Sot, pas shirave t\u00eb dendur gjat\u00eb nat\u00ebs, jan\u00eb bllokuar lagjet tek stadiumi, rruga n\u00eb af\u00ebrsi t\u00eb Plepave dhe Sh\u00ebnvlashi. \/Syri.net<\/p>\n<div class=\"readmore-text-here\">\n<p><iframe loading=\"lazy\" class=\"rumble\" src=\"https:\/\/rumble.com\/embed\/v23moi0\/?pub=1j3sut\" width=\"640\" height=\"360\" frameborder=\"0\" allowfullscreen=\"allowfullscreen\" data-mce-fragment=\"1\"><\/iframe><\/p>\n<div id=\"rekl-57\"><\/div>\n<\/div>\n","protected":false},"excerpt":{"rendered":"<p>Uj\u00ebrat e zeza kan\u00eb shp\u00ebrthyer n\u00eb mes t\u00eb Durr\u00ebsit, pas p\u00ebrmbytjes s\u00eb nat\u00ebs s\u00eb fundit t\u00eb qytetit. Tashm\u00eb, ato nuk jan\u00eb m\u00eb problem vet\u00ebm i banor\u00ebve t\u00eb ish-K\u00ebnet\u00ebs, t\u00eb cil\u00ebve uj\u00ebrave e zeza iu v\u00ebrshojn\u00eb brenda sht\u00ebpive sa her\u00eb bie shi, por po v\u00ebrshojn\u00eb n\u00eb rrug\u00ebt kryesore t\u00eb qytetit q\u00eb menaxhoeht nga kryebashkiakja socialiste Emirjano &hellip;<\/p>\n","protected":false},"author":4,"featured_media":34515,"comment_status":"open","ping_status":"open","sticky":false,"template":"","format":"standard","meta":{"footnotes":""},"categories":[40],"tags":[],"class_list":["post-34509","post","type-post","status-publish","format-standard","has-post-thumbnail","","category-aktualitet"],"_links":{"self":[{"href":"https:\/\/rdnews.al\/index.php\/wp-json\/wp\/v2\/posts\/34509","targetHints":{"allow":["GET"]}}],"collection":[{"href":"https:\/\/rdnews.al\/index.php\/wp-json\/wp\/v2\/posts"}],"about":[{"href":"https:\/\/rdnews.al\/index.php\/wp-json\/wp\/v2\/types\/post"}],"author":[{"embeddable":true,"href":"https:\/\/rdnews.al\/index.php\/wp-json\/wp\/v2\/users\/4"}],"replies":[{"embeddable":true,"href":"https:\/\/rdnews.al\/index.php\/wp-json\/wp\/v2\/comments?post=34509"}],"version-history":[{"count":0,"href":"https:\/\/rdnews.al\/index.php\/wp-json\/wp\/v2\/posts\/34509\/revisions"}],"wp:featuredmedia":[{"embeddable":true,"href":"https:\/\/rdnews.al\/index.php\/wp-json\/wp\/v2\/media\/34515"}],"wp:attachment":[{"href":"https:\/\/rdnews.al\/index.php\/wp-json\/wp\/v2\/media?parent=34509"}],"wp:term":[{"taxonomy":"category","embeddable":true,"href":"https:\/\/rdnews.al\/index.php\/wp-json\/wp\/v2\/categories?post=34509"},{"taxonomy":"post_tag","embeddable":true,"href":"https:\/\/rdnews.al\/index.php\/wp-json\/wp\/v2\/tags?post=34509"}],"curies":[{"name":"wp","href":"https:\/\/api.w.org\/{rel}","templated":true}]}}