{"id":35413,"date":"2023-01-26T18:08:14","date_gmt":"2023-01-26T18:08:14","guid":{"rendered":"https:\/\/rdnews.al\/?p=35413"},"modified":"2023-01-26T18:08:14","modified_gmt":"2023-01-26T18:08:14","slug":"kellici-takon-qytetaret-taksat-jane-te-larta-nuk-ka-parqe-hapesirat-publike-jane-te-zena","status":"publish","type":"post","link":"https:\/\/rdnews.al\/index.php\/2023\/01\/26\/kellici-takon-qytetaret-taksat-jane-te-larta-nuk-ka-parqe-hapesirat-publike-jane-te-zena\/","title":{"rendered":"K\u00eblli\u00e7i takon qytetar\u00ebt: Taksat jan\u00eb t\u00eb larta, nuk ka parqe, hap\u00ebsirat publike jan\u00eb t\u00eb z\u00ebna&#8230;"},"content":{"rendered":"<p>Kandidati i Partis\u00eb Demokratike p\u00ebr Bashkin\u00eb e Tiran\u00ebs, Belind K\u00eblli\u00e7i, n\u00eb vijim t\u00eb takimeve me banor\u00ebt e kryqytetit, u ndal n\u00eb Nj\u00ebsis\u00eb 10, n\u00eb rrug\u00ebt \u201cMyslym Shyri\u201c, \u201cIbrahim Rrugova\u201c dhe \u201cRr. Kavaj\u00ebs\u201c ka d\u00ebgjuar shqetsimet e tyre.<\/p>\n<p>Taksat e larta ishin shqet\u00ebsimi kryesor i bizneseve n\u00eb k\u00ebt\u00eb zon\u00eb.<\/p>\n<p>\u201eMbledhja e k\u00ebshillit bashkiak i pari duhet t\u00eb jet\u00eb dhe ulje taksash\u201c, tha nj\u00eb tregtar.<\/p>\n<p>Nd\u00ebrsa p\u00ebrsa i p\u00ebrket z\u00ebnies s\u00eb hap\u00ebsir\u00ebs publike, qytetar\u00ebt jan\u00eb t\u00eb shqet\u00ebsuar pasi rrug\u00ebt dhe dyert e bizneseve jan\u00eb t\u00eb z\u00ebna nga skela nd\u00ebrtimi.<\/p>\n<p>Varf\u00ebria e cila shihet kudo n\u00eb Kryeqytet, edhe n\u00eb nj\u00eb nga zonat m\u00eb t\u00eb lakmuara t\u00eb Tiran\u00ebs, ku bizneset e vogla hasin t\u00eb nj\u00ebjtat v\u00ebshtir\u00ebsi si n\u00eb vendet periferike apo rurale.<\/p>\n<p>K\u00ebt\u00eb e d\u00ebshmoi nj\u00eb prej tregtar\u00ebve i cili i pyetur nga kandidati i PD p\u00ebr Tiran\u00ebn K\u00eblli\u00e7i, tha se ka tentuar ta mbyll\u00eb disa her\u00eb aktiviteti e tij p\u00ebr shkak t\u00eb borxheve t\u00eb banor\u00ebve.<\/p>\n<p>Mungesa e hap\u00ebsirave publike dhe n\u00eb ve\u00e7anti parkimi ishte nj\u00eb nga shqet\u00ebsimet e vazhdueshme q\u00eb banor\u00ebt e zon\u00ebs i shpreh\u00ebn kandidatit Belind K\u00eblli\u00e7i.<\/p>\n<p>\u201eNa duhen parqe p\u00ebr f\u00ebmij\u00ebt sepse shkojm\u00eb p\u00ebrdit\u00eb nga liqeni duke k\u00ebrkuar parking\u201c, tha nj\u00eb qytetar.<\/p>\n<p>\u201eNga ana tjet\u00ebr e shef at\u00eb tjetrin n\u00eb televizor: Po b\u00ebj parqe, po b\u00ebj lojra\u201c, ironizoi nj\u00eb tjet\u00ebr banor.<\/p>\n<p>Me an\u00eb t\u00eb takimeve t\u00eb p\u00ebrditshme dhe bisedave n\u00eb terren, kandidati i PD p\u00ebr Tiran\u00ebn Belind K\u00eblli\u00e7i po zhvillon nj\u00eb tur d\u00ebgjimi me banor\u00ebt e kryeqytetit me q\u00ebllim q\u00eb shqet\u00ebsimet dhe k\u00ebrkesat specifike t\u2019i d\u00ebgjoj\u00eb nga vet\u00eb qytetar\u00ebt.<\/p>\n<p><img loading=\"lazy\" decoding=\"async\" class=\"alignnone size-medium wp-image-35415\" src=\"https:\/\/rdnews.al\/wp-content\/uploads\/2023\/01\/1-31-300x222.jpg\" alt=\"\" width=\"300\" height=\"222\" srcset=\"https:\/\/rdnews.al\/wp-content\/uploads\/2023\/01\/1-31-300x222.jpg 300w, https:\/\/rdnews.al\/wp-content\/uploads\/2023\/01\/1-31-768x569.jpg 768w, https:\/\/rdnews.al\/wp-content\/uploads\/2023\/01\/1-31.jpg 1001w\" sizes=\"auto, (max-width: 300px) 100vw, 300px\" \/><\/p>\n<p><img loading=\"lazy\" decoding=\"async\" class=\"alignnone size-medium wp-image-35416\" src=\"https:\/\/rdnews.al\/wp-content\/uploads\/2023\/01\/3-10-300x200.jpg\" alt=\"\" width=\"300\" height=\"200\" srcset=\"https:\/\/rdnews.al\/wp-content\/uploads\/2023\/01\/3-10-300x200.jpg 300w, https:\/\/rdnews.al\/wp-content\/uploads\/2023\/01\/3-10-1024x682.jpg 1024w, https:\/\/rdnews.al\/wp-content\/uploads\/2023\/01\/3-10-768x512.jpg 768w, https:\/\/rdnews.al\/wp-content\/uploads\/2023\/01\/3-10.jpg 1280w\" sizes=\"auto, (max-width: 300px) 100vw, 300px\" \/><\/p>\n","protected":false},"excerpt":{"rendered":"<p>Kandidati i Partis\u00eb Demokratike p\u00ebr Bashkin\u00eb e Tiran\u00ebs, Belind K\u00eblli\u00e7i, n\u00eb vijim t\u00eb takimeve me banor\u00ebt e kryqytetit, u ndal n\u00eb Nj\u00ebsis\u00eb 10, n\u00eb rrug\u00ebt \u201cMyslym Shyri\u201c, \u201cIbrahim Rrugova\u201c dhe \u201cRr. Kavaj\u00ebs\u201c ka d\u00ebgjuar shqetsimet e tyre. Taksat e larta ishin shqet\u00ebsimi kryesor i bizneseve n\u00eb k\u00ebt\u00eb zon\u00eb. \u201eMbledhja e k\u00ebshillit bashkiak i pari duhet &hellip;<\/p>\n","protected":false},"author":4,"featured_media":35414,"comment_status":"open","ping_status":"open","sticky":false,"template":"","format":"standard","meta":{"footnotes":""},"categories":[37],"tags":[],"class_list":["post-35413","post","type-post","status-publish","format-standard","has-post-thumbnail","","category-politike"],"_links":{"self":[{"href":"https:\/\/rdnews.al\/index.php\/wp-json\/wp\/v2\/posts\/35413","targetHints":{"allow":["GET"]}}],"collection":[{"href":"https:\/\/rdnews.al\/index.php\/wp-json\/wp\/v2\/posts"}],"about":[{"href":"https:\/\/rdnews.al\/index.php\/wp-json\/wp\/v2\/types\/post"}],"author":[{"embeddable":true,"href":"https:\/\/rdnews.al\/index.php\/wp-json\/wp\/v2\/users\/4"}],"replies":[{"embeddable":true,"href":"https:\/\/rdnews.al\/index.php\/wp-json\/wp\/v2\/comments?post=35413"}],"version-history":[{"count":0,"href":"https:\/\/rdnews.al\/index.php\/wp-json\/wp\/v2\/posts\/35413\/revisions"}],"wp:featuredmedia":[{"embeddable":true,"href":"https:\/\/rdnews.al\/index.php\/wp-json\/wp\/v2\/media\/35414"}],"wp:attachment":[{"href":"https:\/\/rdnews.al\/index.php\/wp-json\/wp\/v2\/media?parent=35413"}],"wp:term":[{"taxonomy":"category","embeddable":true,"href":"https:\/\/rdnews.al\/index.php\/wp-json\/wp\/v2\/categories?post=35413"},{"taxonomy":"post_tag","embeddable":true,"href":"https:\/\/rdnews.al\/index.php\/wp-json\/wp\/v2\/tags?post=35413"}],"curies":[{"name":"wp","href":"https:\/\/api.w.org\/{rel}","templated":true}]}}