{"id":36346,"date":"2023-02-06T09:36:02","date_gmt":"2023-02-06T09:36:02","guid":{"rendered":"https:\/\/rdnews.al\/?p=36346"},"modified":"2023-02-06T09:36:02","modified_gmt":"2023-02-06T09:36:02","slug":"erion-veliaj-nuk-e-kupton-ibrahim-rugoven","status":"publish","type":"post","link":"https:\/\/rdnews.al\/index.php\/2023\/02\/06\/erion-veliaj-nuk-e-kupton-ibrahim-rugoven\/","title":{"rendered":"Erion Veliaj nuk e kupton Ibrahim Rugov\u00ebn!"},"content":{"rendered":"<p><strong>Nga\u00a0Berat BUZHALA<\/strong><\/p>\n<p>Nuk \u00ebsht\u00eb n\u00eb lart\u00ebsin\u00eb e duhur, k\u00ebshtu q\u00eb nuk mund ta shoh\u00eb at\u00eb. Atij i duket normale q\u00eb t&#8217;ia heq\u00eb emrin prej nj\u00eb pjese t\u00eb rrug\u00ebs, duke ia falur at\u00eb dikujt tjet\u00ebr. A thua rruga po e nderonte Rugov\u00ebn dhe jo anasjelltas.<\/p>\n<p>Lali Eri e kupton biznesin e plehrave shum\u00eb m\u00eb mir\u00eb se sa pesh\u00ebn komb\u00ebtare t\u00eb figur\u00ebs s\u00eb Ibrahim Rugov\u00ebs.<\/p>\n<p>P\u00ebr Erionin, disa metra m\u00eb shum\u00eb rrug\u00eb, a disa metra me pak rrug\u00eb, jan\u00eb biznes, jan\u00eb vota, jan\u00eb tregti. Jan\u00eb tregti edhe kur jepen tendera p\u00ebr t&#8217;i shtruar ato, e jan\u00eb tregti edhe kur vendosin t&#8217;i pag\u00ebzojn\u00eb ato rrug\u00eb.<\/p>\n<p>Prandaj, ai pa menduar dy here e ka cop\u00ebtuar p\u00ebrgjysm\u00eb rrug\u00ebn q\u00eb e mbante emrin e liderit historik t\u00eb Kosov\u00ebs, duke e kryer k\u00ebshtu nj\u00eb akt vandal.<\/p>\n<p>Lali Erit i \u00ebsht\u00eb dukur normale nj\u00eb gj\u00eb e till\u00eb. Jam i bindur q\u00eb tash ai \u00ebsht\u00eb i shokuar me reagimet nga Prishtina.<\/p>\n<p>Politikan\u00eb t\u00eb kall\u00ebpit t\u00eb Erionit presin reagime ve\u00e7 kur dikush dikujt ia merr nj\u00eb tender, e jo p\u00ebr tema t\u00eb k\u00ebsaj natyre. Kryebashkiaku i Tiranes ka qen\u00eb i bindur q\u00eb e ka b\u00ebr\u00eb gj\u00ebn\u00eb e duhur, kur ka arritur q\u00eb nga nj\u00eb rruge t&#8217;i pjell\u00eb dy, duke i k\u00ebnaqur k\u00ebshtu komunist\u00ebt e Tiran\u00ebs.<\/p>\n<p>Mjaft ironike, por Ibrahim Rugov\u00ebs bab\u00ebn ia kan\u00eb vra komunist\u00ebt.<\/p>\n<p>Kjo p\u00ebrbuzje dhe ky n\u00ebn\u00e7mim nuk duhet t\u00eb kaloj\u00eb kaq leht\u00eb. Nj\u00eb sjellje e k\u00ebtill\u00eb \u00ebsht\u00eb neverit\u00ebse.<\/p>\n","protected":false},"excerpt":{"rendered":"<p>Nga\u00a0Berat BUZHALA Nuk \u00ebsht\u00eb n\u00eb lart\u00ebsin\u00eb e duhur, k\u00ebshtu q\u00eb nuk mund ta shoh\u00eb at\u00eb. Atij i duket normale q\u00eb t&#8217;ia heq\u00eb emrin prej nj\u00eb pjese t\u00eb rrug\u00ebs, duke ia falur at\u00eb dikujt tjet\u00ebr. A thua rruga po e nderonte Rugov\u00ebn dhe jo anasjelltas. Lali Eri e kupton biznesin e plehrave shum\u00eb m\u00eb mir\u00eb se &hellip;<\/p>\n","protected":false},"author":4,"featured_media":25944,"comment_status":"open","ping_status":"open","sticky":false,"template":"","format":"standard","meta":{"footnotes":""},"categories":[44],"tags":[],"class_list":["post-36346","post","type-post","status-publish","format-standard","has-post-thumbnail","","category-editorial"],"_links":{"self":[{"href":"https:\/\/rdnews.al\/index.php\/wp-json\/wp\/v2\/posts\/36346","targetHints":{"allow":["GET"]}}],"collection":[{"href":"https:\/\/rdnews.al\/index.php\/wp-json\/wp\/v2\/posts"}],"about":[{"href":"https:\/\/rdnews.al\/index.php\/wp-json\/wp\/v2\/types\/post"}],"author":[{"embeddable":true,"href":"https:\/\/rdnews.al\/index.php\/wp-json\/wp\/v2\/users\/4"}],"replies":[{"embeddable":true,"href":"https:\/\/rdnews.al\/index.php\/wp-json\/wp\/v2\/comments?post=36346"}],"version-history":[{"count":0,"href":"https:\/\/rdnews.al\/index.php\/wp-json\/wp\/v2\/posts\/36346\/revisions"}],"wp:featuredmedia":[{"embeddable":true,"href":"https:\/\/rdnews.al\/index.php\/wp-json\/wp\/v2\/media\/25944"}],"wp:attachment":[{"href":"https:\/\/rdnews.al\/index.php\/wp-json\/wp\/v2\/media?parent=36346"}],"wp:term":[{"taxonomy":"category","embeddable":true,"href":"https:\/\/rdnews.al\/index.php\/wp-json\/wp\/v2\/categories?post=36346"},{"taxonomy":"post_tag","embeddable":true,"href":"https:\/\/rdnews.al\/index.php\/wp-json\/wp\/v2\/tags?post=36346"}],"curies":[{"name":"wp","href":"https:\/\/api.w.org\/{rel}","templated":true}]}}