{"id":36496,"date":"2023-02-07T11:04:09","date_gmt":"2023-02-07T11:04:09","guid":{"rendered":"https:\/\/rdnews.al\/?p=36496"},"modified":"2023-02-07T11:04:09","modified_gmt":"2023-02-07T11:04:09","slug":"mesuesit-ne-kamez-2-muaj-pa-marre-rrogat-pd-ministrja-e-arsimit-pse-hesht","status":"publish","type":"post","link":"https:\/\/rdnews.al\/index.php\/2023\/02\/07\/mesuesit-ne-kamez-2-muaj-pa-marre-rrogat-pd-ministrja-e-arsimit-pse-hesht\/","title":{"rendered":"M\u00ebsuesit n\u00eb Kam\u00ebz 2 muaj pa marr\u00eb rrogat, PD: Ministrja e Arsimit pse hesht?"},"content":{"rendered":"<p>Partia Demokratike denoncon se m\u00ebsuesit e shkoll\u00ebs profesionale n\u00eb Kam\u00ebz nuk kan\u00eb marr\u00eb pagat prej 2 muajsh tashm\u00eb. Denoncimi \u00ebsht\u00eb b\u00ebr\u00eb nga deputetja e PD-s\u00eb, Albana Vokshi, pasi nj\u00eb mesazhi q\u00eb kjo e fundit ka marr\u00eb n\u00eb rrjetet e saj sociale. Sipas denoncuesit, shkak \u00ebsht\u00eb b\u00ebr\u00eb transferimi i drejtorit t\u00eb shkoll\u00ebs tek dega e Uj\u00ebsjell\u00ebsit n\u00eb Kam\u00ebz.<\/p>\n<p>&#8220;M\u00ebsuesit e shkoll\u00ebs profesionale Kam\u00ebz nuk kan\u00eb marr\u00eb pag\u00ebn e dhjetorit pasi prej nj\u00eb muaji drejtori i shkoll\u00ebs ka kaluar drejtor tek uj\u00ebsjell\u00ebsi dhe m\u00ebsuesit nuk kan\u00eb marr\u00eb pagat, nd\u00ebrkoh\u00eb q\u00eb duhej t\u00eb merrnin edhe t\u00eb janarit tani. Pra 2 muaj pa paga. P\u00ebr uj\u00ebsjell\u00ebsin dhe tenderat jan\u00eb m\u00eb t\u00eb interesuar se p\u00ebr pag\u00ebn e m\u00ebsues\u00ebve q\u00eb torturohen \u00e7do dit\u00eb&#8221;, shkruan denoncuesi.<\/p>\n<p>Nd\u00ebrkoh\u00eb q\u00eb n\u00eb postimin e saj n\u00eb Facebook, Vokshi k\u00ebrkon zgjidhje p\u00ebr problemin nga ana e ministres s\u00eb Arsimit dhe Sporteve, Evis Kushi.<\/p>\n<p>&#8220;Ministrja e Arsimit Evis Kushi pse hesht? Familjet nuk ushqehen me propagand\u00eb. Shqiptar\u00ebt nuk e meritojn\u00eb k\u00ebt\u00eb Kryeminist\u00ebr! Rama t\u00eb largohet! T\u00eb gjith\u00eb m\u00ebsuesit duhet t\u00eb protestojn\u00eb p\u00ebr t\u00eb drejtat e tyre&#8221;, shkruan nd\u00ebr t\u00eb tjera n\u00eb postimin e saj, Evis Kushi.<\/p>\n<p><strong>Denoncimi<\/strong><\/p>\n<p><img loading=\"lazy\" decoding=\"async\" class=\"alignnone  wp-image-36497\" src=\"https:\/\/rdnews.al\/wp-content\/uploads\/2023\/02\/1-10-300x235.jpg\" alt=\"\" width=\"315\" height=\"247\" srcset=\"https:\/\/rdnews.al\/wp-content\/uploads\/2023\/02\/1-10-300x235.jpg 300w, https:\/\/rdnews.al\/wp-content\/uploads\/2023\/02\/1-10-1024x802.jpg 1024w, https:\/\/rdnews.al\/wp-content\/uploads\/2023\/02\/1-10-768x601.jpg 768w, https:\/\/rdnews.al\/wp-content\/uploads\/2023\/02\/1-10.jpg 1077w\" sizes=\"auto, (max-width: 315px) 100vw, 315px\" \/><\/p>\n","protected":false},"excerpt":{"rendered":"<p>Partia Demokratike denoncon se m\u00ebsuesit e shkoll\u00ebs profesionale n\u00eb Kam\u00ebz nuk kan\u00eb marr\u00eb pagat prej 2 muajsh tashm\u00eb. Denoncimi \u00ebsht\u00eb b\u00ebr\u00eb nga deputetja e PD-s\u00eb, Albana Vokshi, pasi nj\u00eb mesazhi q\u00eb kjo e fundit ka marr\u00eb n\u00eb rrjetet e saj sociale. Sipas denoncuesit, shkak \u00ebsht\u00eb b\u00ebr\u00eb transferimi i drejtorit t\u00eb shkoll\u00ebs tek dega e Uj\u00ebsjell\u00ebsit &hellip;<\/p>\n","protected":false},"author":4,"featured_media":0,"comment_status":"open","ping_status":"open","sticky":false,"template":"","format":"standard","meta":{"footnotes":""},"categories":[37],"tags":[],"class_list":["post-36496","post","type-post","status-publish","format-standard","","category-politike"],"_links":{"self":[{"href":"https:\/\/rdnews.al\/index.php\/wp-json\/wp\/v2\/posts\/36496","targetHints":{"allow":["GET"]}}],"collection":[{"href":"https:\/\/rdnews.al\/index.php\/wp-json\/wp\/v2\/posts"}],"about":[{"href":"https:\/\/rdnews.al\/index.php\/wp-json\/wp\/v2\/types\/post"}],"author":[{"embeddable":true,"href":"https:\/\/rdnews.al\/index.php\/wp-json\/wp\/v2\/users\/4"}],"replies":[{"embeddable":true,"href":"https:\/\/rdnews.al\/index.php\/wp-json\/wp\/v2\/comments?post=36496"}],"version-history":[{"count":0,"href":"https:\/\/rdnews.al\/index.php\/wp-json\/wp\/v2\/posts\/36496\/revisions"}],"wp:attachment":[{"href":"https:\/\/rdnews.al\/index.php\/wp-json\/wp\/v2\/media?parent=36496"}],"wp:term":[{"taxonomy":"category","embeddable":true,"href":"https:\/\/rdnews.al\/index.php\/wp-json\/wp\/v2\/categories?post=36496"},{"taxonomy":"post_tag","embeddable":true,"href":"https:\/\/rdnews.al\/index.php\/wp-json\/wp\/v2\/tags?post=36496"}],"curies":[{"name":"wp","href":"https:\/\/api.w.org\/{rel}","templated":true}]}}