{"id":3682,"date":"2022-02-01T17:44:20","date_gmt":"2022-02-01T17:44:20","guid":{"rendered":"https:\/\/rdnews.al\/?p=3682"},"modified":"2022-02-01T17:44:20","modified_gmt":"2022-02-01T17:44:20","slug":"vokshi-basha-ka-lene-kauza-rrugeve-koalicioni-shtepia-e-lirise-do-te-sjelle-fitoren","status":"publish","type":"post","link":"https:\/\/rdnews.al\/index.php\/2022\/02\/01\/vokshi-basha-ka-lene-kauza-rrugeve-koalicioni-shtepia-e-lirise-do-te-sjelle-fitoren\/","title":{"rendered":"Vokshi: Basha ka l\u00ebn\u00eb kauza rrug\u00ebve! Koalicioni \u201cSht\u00ebpia e Liris\u00eb\u201d do t\u00eb sjell\u00eb fitoren"},"content":{"rendered":"<p>Deputetja Albana Vokshi e ftuar n\u00eb \u2018Task Force\u2019 n\u00eb Syri tv tha se, kandidat\u00ebt e PD t\u00eb dal\u00eb nga primaret do fitojn\u00eb n\u00eb zgjedhje.<\/p>\n<p>Sipas saj koalicioni \u2018Sht\u00ebpia e Liris\u00eb\u2019 do t\u00eb sjell\u00eb fitoren p\u00ebr t\u00eb gjith\u00eb demorkat\u00ebt dhe shqiptar\u00ebt.<\/p>\n<p><strong>Albana Vokshi:<\/strong>\u00a0Basha ka l\u00ebn\u00eb kauza rrug\u00ebve. Jemi p\u00ebrdit\u00eb n\u00eb terren, q\u00eb kandidat\u00ebt e primareve t\u00eb jen\u00eb fitues n\u00eb zgjedhjet e 6 marsit. Ekspert\u00eb sugjeruan q\u00eb t\u00eb jemi n\u00eb negociata edhe me aktor\u00eb t\u00eb tjer\u00eb.<\/p>\n<p>Koalicioni \u00ebsht\u00eb tani edhe zyrtarisht, quhet Sht\u00ebpia e liris\u00eb, drejtohet nga Partia Demokratike, n\u00eb baz\u00eb edhe t\u00eb marr\u00ebveshjes s\u00eb n\u00ebnshkruar, pasi u b\u00eb publike nga Noka dhe Braimllari.<\/p>\n","protected":false},"excerpt":{"rendered":"<p>Deputetja Albana Vokshi e ftuar n\u00eb \u2018Task Force\u2019 n\u00eb Syri tv tha se, kandidat\u00ebt e PD t\u00eb dal\u00eb nga primaret do fitojn\u00eb n\u00eb zgjedhje. Sipas saj koalicioni \u2018Sht\u00ebpia e Liris\u00eb\u2019 do t\u00eb sjell\u00eb fitoren p\u00ebr t\u00eb gjith\u00eb demorkat\u00ebt dhe shqiptar\u00ebt. Albana Vokshi:\u00a0Basha ka l\u00ebn\u00eb kauza rrug\u00ebve. Jemi p\u00ebrdit\u00eb n\u00eb terren, q\u00eb kandidat\u00ebt e primareve t\u00eb &hellip;<\/p>\n","protected":false},"author":4,"featured_media":0,"comment_status":"open","ping_status":"open","sticky":false,"template":"","format":"standard","meta":{"footnotes":""},"categories":[37],"tags":[],"class_list":["post-3682","post","type-post","status-publish","format-standard","","category-politike"],"_links":{"self":[{"href":"https:\/\/rdnews.al\/index.php\/wp-json\/wp\/v2\/posts\/3682","targetHints":{"allow":["GET"]}}],"collection":[{"href":"https:\/\/rdnews.al\/index.php\/wp-json\/wp\/v2\/posts"}],"about":[{"href":"https:\/\/rdnews.al\/index.php\/wp-json\/wp\/v2\/types\/post"}],"author":[{"embeddable":true,"href":"https:\/\/rdnews.al\/index.php\/wp-json\/wp\/v2\/users\/4"}],"replies":[{"embeddable":true,"href":"https:\/\/rdnews.al\/index.php\/wp-json\/wp\/v2\/comments?post=3682"}],"version-history":[{"count":0,"href":"https:\/\/rdnews.al\/index.php\/wp-json\/wp\/v2\/posts\/3682\/revisions"}],"wp:attachment":[{"href":"https:\/\/rdnews.al\/index.php\/wp-json\/wp\/v2\/media?parent=3682"}],"wp:term":[{"taxonomy":"category","embeddable":true,"href":"https:\/\/rdnews.al\/index.php\/wp-json\/wp\/v2\/categories?post=3682"},{"taxonomy":"post_tag","embeddable":true,"href":"https:\/\/rdnews.al\/index.php\/wp-json\/wp\/v2\/tags?post=3682"}],"curies":[{"name":"wp","href":"https:\/\/api.w.org\/{rel}","templated":true}]}}