{"id":36971,"date":"2023-02-10T20:25:58","date_gmt":"2023-02-10T20:25:58","guid":{"rendered":"https:\/\/rdnews.al\/?p=36971"},"modified":"2023-02-10T20:25:58","modified_gmt":"2023-02-10T20:25:58","slug":"koha-per-te-treguar-qe-jemi-shqiptar-te-vyrtytshem","status":"publish","type":"post","link":"https:\/\/rdnews.al\/index.php\/2023\/02\/10\/koha-per-te-treguar-qe-jemi-shqiptar-te-vyrtytshem\/","title":{"rendered":"Koha p\u00ebr t\u00eb treguar q\u00eb jemi shqiptar t\u00eb vyrtytsh\u00ebm"},"content":{"rendered":"<p><strong>Nga Bislim AHMETAJ<\/strong><\/p>\n<p>Nes\u00ebr n\u00eb or\u00ebn 12.00,<br \/>\npasnes\u00ebr,<br \/>\ntjet\u00ebr pasnes\u00ebr<br \/>\ndhe n\u00eb dit\u00ebt n\u00eb vijim,<br \/>\nbetej\u00ebn nuk e kemi ma me Edi Ram\u00ebn.<br \/>\nAs me sektin e tij t\u00eb hajnave, kriminel\u00ebve, narkotrafikant\u00ebve dhe shit\u00ebsve t\u00eb Atdheut.<br \/>\nTashm\u00eb betej\u00ebn e kemi me vet\u00ebn ton\u00eb, me karakterin ton\u00eb, me q\u00ebnjen, apo mosekzistenc\u00ebn ton\u00eb.<br \/>\nN\u00ebqoft\u00ebse vazhdojm\u00eb dhe e pranojm\u00eb t\u00eb na udh\u00ebheqin ata q\u00eb na b\u00ebjn\u00eb t\u00eb l\u00ebshojm\u00eb votrat tona, pronat tona, Atdheun ton\u00eb.<br \/>\nAta q\u00eb pasurohen, ngrejn\u00eb biznese, vila luksi, kurv\u00ebrojn\u00eb dhe b\u00ebjn\u00eb orgji me taksat tona.<br \/>\nAta q\u00eb na varf\u00ebrojn\u00eb, na gjunj\u00ebzojn\u00eb, na posht\u00ebrojn\u00eb n\u00eb sht\u00ebpi, n\u00eb lagje, n\u00eb qytetet ku kemi lindur dhe jemi rritur, por edhe kudo ku kemi emigruar n\u00ebp\u00ebr shtetet e globit nga Greqia n\u00eb Australi, nga Italia n\u00eb Indi, nga Maqedonia n\u00eb Rusi, Libi dhe Kin\u00eb .<br \/>\nAta q\u00eb n\u00eb emrin ton\u00eb na shesin tek atmiqt\u00eb tan\u00eb historik\u00eb t\u00eb cil\u00ebt dihet q\u00eb jan\u00eb Rusia, Serbia dhe&#8230;<br \/>\nAta t\u00eb cil\u00ebt kan\u00eb koh\u00eb q\u00eb kan\u00eb ra pre e zollumit dhe instiktit patologjik t\u00eb gjakpirjes duhen shtyr\u00eb q\u00eb t\u00eb rr\u00ebzohen.<br \/>\nDuhen izoluar q\u00eb t\u00eb mos infektojn\u00eb dhe kalbin gjith\u00eb vendin.<br \/>\nDuhen groposur q\u00eb t\u00eb shp\u00ebtojm\u00eb nj\u00ebher\u00eb e mir\u00eb at\u00eb pak Atdhe q\u00eb na ka mbetur.<br \/>\n\u00cbsht\u00eb koha p\u00ebr t\u00eb treguar q\u00eb jemi fisnik, shqiptar t\u00eb vyrtytsh\u00ebm, trash\u00ebgimtar\u00eb t\u00eb fisit t\u00eb arbnor\u00ebve.<br \/>\nKoha na th\u00ebrret p\u00ebr t\u00eb treguar q\u00eb e meritojm\u00eb lirin\u00eb, demokracin\u00eb dhe q\u00ebnjen shqiptar.<br \/>\nTiran\u00eb me 10 Shkurt 2023<\/p>\n","protected":false},"excerpt":{"rendered":"<p>Nga Bislim AHMETAJ Nes\u00ebr n\u00eb or\u00ebn 12.00, pasnes\u00ebr, tjet\u00ebr pasnes\u00ebr dhe n\u00eb dit\u00ebt n\u00eb vijim, betej\u00ebn nuk e kemi ma me Edi Ram\u00ebn. As me sektin e tij t\u00eb hajnave, kriminel\u00ebve, narkotrafikant\u00ebve dhe shit\u00ebsve t\u00eb Atdheut. Tashm\u00eb betej\u00ebn e kemi me vet\u00ebn ton\u00eb, me karakterin ton\u00eb, me q\u00ebnjen, apo mosekzistenc\u00ebn ton\u00eb. N\u00ebqoft\u00ebse vazhdojm\u00eb dhe e &hellip;<\/p>\n","protected":false},"author":4,"featured_media":0,"comment_status":"open","ping_status":"open","sticky":false,"template":"","format":"standard","meta":{"footnotes":""},"categories":[44],"tags":[],"class_list":["post-36971","post","type-post","status-publish","format-standard","","category-editorial"],"_links":{"self":[{"href":"https:\/\/rdnews.al\/index.php\/wp-json\/wp\/v2\/posts\/36971","targetHints":{"allow":["GET"]}}],"collection":[{"href":"https:\/\/rdnews.al\/index.php\/wp-json\/wp\/v2\/posts"}],"about":[{"href":"https:\/\/rdnews.al\/index.php\/wp-json\/wp\/v2\/types\/post"}],"author":[{"embeddable":true,"href":"https:\/\/rdnews.al\/index.php\/wp-json\/wp\/v2\/users\/4"}],"replies":[{"embeddable":true,"href":"https:\/\/rdnews.al\/index.php\/wp-json\/wp\/v2\/comments?post=36971"}],"version-history":[{"count":0,"href":"https:\/\/rdnews.al\/index.php\/wp-json\/wp\/v2\/posts\/36971\/revisions"}],"wp:attachment":[{"href":"https:\/\/rdnews.al\/index.php\/wp-json\/wp\/v2\/media?parent=36971"}],"wp:term":[{"taxonomy":"category","embeddable":true,"href":"https:\/\/rdnews.al\/index.php\/wp-json\/wp\/v2\/categories?post=36971"},{"taxonomy":"post_tag","embeddable":true,"href":"https:\/\/rdnews.al\/index.php\/wp-json\/wp\/v2\/tags?post=36971"}],"curies":[{"name":"wp","href":"https:\/\/api.w.org\/{rel}","templated":true}]}}