{"id":37239,"date":"2023-02-13T17:56:30","date_gmt":"2023-02-13T17:56:30","guid":{"rendered":"https:\/\/rdnews.al\/?p=37239"},"modified":"2023-02-13T18:40:49","modified_gmt":"2023-02-13T18:40:49","slug":"berisha-tek-protestuesit-ceshtja-kryesore-sot-eshte-lidhja-e-dy-tradhtareve-mcgonigal-dhe-edi-rama","status":"publish","type":"post","link":"https:\/\/rdnews.al\/index.php\/2023\/02\/13\/berisha-tek-protestuesit-ceshtja-kryesore-sot-eshte-lidhja-e-dy-tradhtareve-mcgonigal-dhe-edi-rama\/","title":{"rendered":"Berisha tek protestuesit: \u00c7\u00ebshtja kryesore sot \u00ebsht\u00eb lidhja e dy tradhtar\u00ebve McGonigal dhe Edi Rama"},"content":{"rendered":"<p>Kryetari i PD, Sali Berisha u shpreh paraprotestuesve para Parlamentit se, kryesore \u00ebsht\u00eb lidhja e dy tradhtar\u00ebve McGonigal, tradhtar i kombit t\u00eb madh amerikan dhe Edi Rama, tradhtar i kombit shqiptar. Berisha iu drejtua protestuesve se, prania juaj k\u00ebtu ka qen\u00eb nj\u00eb mb\u00ebshtetje e jasht\u00ebzakonshme, p\u00ebr ne, p\u00ebr demokrat\u00ebt shqiptar\u00ebe kudo q\u00eb ndodhen.<\/p>\n<p>\u201cS\u00eb pari, dua t\u00eb ju fal\u00ebnderoj n\u00eb m\u00ebnyr\u00ebn m\u00eb t\u00eb p\u00ebrzem\u00ebrt, mir\u00ebnjohje m\u00eb t\u00eb thell\u00eb.<\/p>\n<p>Prania juaj k\u00ebtu ka qen\u00eb nj\u00eb mb\u00ebshtetje e jasht\u00ebzakonshme, p\u00ebr ne, p\u00ebr demokrat\u00ebt shqiptar\u00ebe kudo q\u00eb ndodhen. Ne po mbrojm\u00eb nj\u00eb kauz\u00eb t\u00eb drejt\u00eb.<\/p>\n<p>Sot parlamenti shqiptar ju e pat\u00eb vet\u00eb, u dominua totalisht nga fantazma e McGonigal t\u00eb Edi Ram\u00ebs. Ajo q\u00eb Rama kishte planifikuar, kishte planifikuar n\u00eb m\u00ebnyr\u00eb q\u00eb t\u00eb shp\u00ebtonte vet\u00eb dhe disa deputete ishin ndjer\u00eb t\u00eb l\u00ebnduara se, pse un\u00eb kisha th\u00ebn\u00eb dit\u00ebn e premte pse ai kishte b\u00ebr\u00eb orgjira me zyrtar\u00eb.<\/p>\n<p>Por un\u00eb \u00e7far\u00eb u thash\u00eb? Un\u00eb u thash\u00eb se, ato jan\u00eb nj\u00eb realitet dhe sigurisht hetimit do ti jepen. Por ato jan\u00eb terciare. Kryesore \u00ebsht\u00eb lidhja e dy tradhtar\u00ebve McGonigal, tradhtar i kombit t\u00eb madh amerikan dhe Edi Rama, tradhtar i kombit shqiptar.<\/p>\n<p>Tani, \u00e7\u00ebshtja num\u00ebr 1 e parlamentit padiskutim q\u00eb \u00ebsht\u00eb komisioni hetimor parlament p\u00ebr nj\u00eb problem q\u00eb ka tronditur bot\u00ebn, Amerik\u00ebn, Shqip\u00ebrin\u00eb, NATO-n dhe mbar\u00eb bot\u00ebn e lir\u00eb.<\/p>\n<p>\u00cbsht\u00eb n\u00eb p\u00ebrcaktimin ton\u00eb, vendosm\u00ebrin\u00eb ton\u00eb, q\u00eb ky parlament ose do t\u00eb ju jap\u00eb zgjidhje k\u00ebtyre problemeve ose nuk do t\u00eb mund t\u00eb trajtoj\u00eb \u00e7\u00ebshtje tjet\u00ebr.<\/p>\n<p>Prania juaj k\u00ebtu i detyroi t\u00eb largohen nga parlamenti. Por her\u00ebn tjet\u00ebr, do t\u00eb duhet tu marrin leje ju p\u00ebr tu larguar nga parlamenti. Ndaj ju them, m\u00eb mir\u00eb zbatoni rregullat, ligjet, respektoni t\u00eb drejtat e opozit\u00ebs. Jan\u00eb 750 mij\u00eb zgjedh\u00ebs, t\u00eb drejtat e t\u00eb cil\u00ebve shtypen n\u00eb parlament. Ne kurr\u00eb nuk do t\u00eb tolerojm\u00eb k\u00ebt\u00eb.<\/p>\n<p>Rroft\u00eb revolucioni, rroft\u00eb opozita, rrofshi ju\u201d, u shpreh Berisha.<\/p>\n","protected":false},"excerpt":{"rendered":"<p>Kryetari i PD, Sali Berisha u shpreh paraprotestuesve para Parlamentit se, kryesore \u00ebsht\u00eb lidhja e dy tradhtar\u00ebve McGonigal, tradhtar i kombit t\u00eb madh amerikan dhe Edi Rama, tradhtar i kombit shqiptar. Berisha iu drejtua protestuesve se, prania juaj k\u00ebtu ka qen\u00eb nj\u00eb mb\u00ebshtetje e jasht\u00ebzakonshme, p\u00ebr ne, p\u00ebr demokrat\u00ebt shqiptar\u00ebe kudo q\u00eb ndodhen. \u201cS\u00eb pari, &hellip;<\/p>\n","protected":false},"author":4,"featured_media":37241,"comment_status":"open","ping_status":"open","sticky":false,"template":"","format":"standard","meta":{"footnotes":""},"categories":[37],"tags":[],"class_list":["post-37239","post","type-post","status-publish","format-standard","has-post-thumbnail","","category-politike"],"_links":{"self":[{"href":"https:\/\/rdnews.al\/index.php\/wp-json\/wp\/v2\/posts\/37239","targetHints":{"allow":["GET"]}}],"collection":[{"href":"https:\/\/rdnews.al\/index.php\/wp-json\/wp\/v2\/posts"}],"about":[{"href":"https:\/\/rdnews.al\/index.php\/wp-json\/wp\/v2\/types\/post"}],"author":[{"embeddable":true,"href":"https:\/\/rdnews.al\/index.php\/wp-json\/wp\/v2\/users\/4"}],"replies":[{"embeddable":true,"href":"https:\/\/rdnews.al\/index.php\/wp-json\/wp\/v2\/comments?post=37239"}],"version-history":[{"count":0,"href":"https:\/\/rdnews.al\/index.php\/wp-json\/wp\/v2\/posts\/37239\/revisions"}],"wp:featuredmedia":[{"embeddable":true,"href":"https:\/\/rdnews.al\/index.php\/wp-json\/wp\/v2\/media\/37241"}],"wp:attachment":[{"href":"https:\/\/rdnews.al\/index.php\/wp-json\/wp\/v2\/media?parent=37239"}],"wp:term":[{"taxonomy":"category","embeddable":true,"href":"https:\/\/rdnews.al\/index.php\/wp-json\/wp\/v2\/categories?post=37239"},{"taxonomy":"post_tag","embeddable":true,"href":"https:\/\/rdnews.al\/index.php\/wp-json\/wp\/v2\/tags?post=37239"}],"curies":[{"name":"wp","href":"https:\/\/api.w.org\/{rel}","templated":true}]}}