{"id":37377,"date":"2023-02-15T09:09:38","date_gmt":"2023-02-15T09:09:38","guid":{"rendered":"https:\/\/rdnews.al\/?p=37377"},"modified":"2023-02-15T11:03:56","modified_gmt":"2023-02-15T11:03:56","slug":"te-enjten-ora1000-para-parlamentit-berisha-shqiperise-i-dalim-zot","status":"publish","type":"post","link":"https:\/\/rdnews.al\/index.php\/2023\/02\/15\/te-enjten-ora1000-para-parlamentit-berisha-shqiperise-i-dalim-zot\/","title":{"rendered":"T\u00eb enjten ora 10:00 para Parlamentit! Berisha video-mesazh: Shqip\u00ebris\u00eb i dalim Zot!"},"content":{"rendered":"<p>Kryetari i PD, Sali Berisha u b\u00ebn thirrje s\u00ebrish qytetar\u00ebve t\u00eb dalin n\u00eb protest\u00eb t\u00eb enjten n\u00eb or\u00ebn 10:00 para parlamentit.<\/p>\n<p>\u201cShqip\u00ebris\u00eb i dalim zot! E enjte, ora 10:00, para parlamentit!\u201d shkruan Berisha.<\/p>\n<p>Kreu i PD ka postuar edhe nj\u00eb video-mesazh p\u00ebr qytetar\u00ebt.<\/p>\n<p>\u201cParlamenti d\u00ebshmoi se jan\u00eb shum\u00eb m\u00eb af\u00ebr me bandat se sa me tempullin e demokracis\u00eb.<\/p>\n<p>Prania juaj k\u00ebtu, i detyroi t\u00eb largohen nga parlamenti.\u00a0Her\u00ebn tjet\u00ebr, do duhet t\u2019u marrin leje ju!\u201d, thekson Berisha n\u00eb video.<\/p>\n<p><iframe loading=\"lazy\" style=\"border: none; overflow: hidden;\" src=\"https:\/\/www.facebook.com\/plugins\/video.php?height=314&amp;href=https%3A%2F%2Fwww.facebook.com%2FSaliBerisha%2Fvideos%2F607799741357742%2F&amp;show_text=false&amp;width=560&amp;t=0\" width=\"560\" height=\"314\" frameborder=\"0\" scrolling=\"no\" allowfullscreen=\"allowfullscreen\"><\/iframe><\/p>\n","protected":false},"excerpt":{"rendered":"<p>Kryetari i PD, Sali Berisha u b\u00ebn thirrje s\u00ebrish qytetar\u00ebve t\u00eb dalin n\u00eb protest\u00eb t\u00eb enjten n\u00eb or\u00ebn 10:00 para parlamentit. \u201cShqip\u00ebris\u00eb i dalim zot! E enjte, ora 10:00, para parlamentit!\u201d shkruan Berisha. Kreu i PD ka postuar edhe nj\u00eb video-mesazh p\u00ebr qytetar\u00ebt. \u201cParlamenti d\u00ebshmoi se jan\u00eb shum\u00eb m\u00eb af\u00ebr me bandat se sa me &hellip;<\/p>\n","protected":false},"author":4,"featured_media":37241,"comment_status":"open","ping_status":"open","sticky":false,"template":"","format":"standard","meta":{"footnotes":""},"categories":[40],"tags":[],"class_list":["post-37377","post","type-post","status-publish","format-standard","has-post-thumbnail","","category-aktualitet"],"_links":{"self":[{"href":"https:\/\/rdnews.al\/index.php\/wp-json\/wp\/v2\/posts\/37377","targetHints":{"allow":["GET"]}}],"collection":[{"href":"https:\/\/rdnews.al\/index.php\/wp-json\/wp\/v2\/posts"}],"about":[{"href":"https:\/\/rdnews.al\/index.php\/wp-json\/wp\/v2\/types\/post"}],"author":[{"embeddable":true,"href":"https:\/\/rdnews.al\/index.php\/wp-json\/wp\/v2\/users\/4"}],"replies":[{"embeddable":true,"href":"https:\/\/rdnews.al\/index.php\/wp-json\/wp\/v2\/comments?post=37377"}],"version-history":[{"count":0,"href":"https:\/\/rdnews.al\/index.php\/wp-json\/wp\/v2\/posts\/37377\/revisions"}],"wp:featuredmedia":[{"embeddable":true,"href":"https:\/\/rdnews.al\/index.php\/wp-json\/wp\/v2\/media\/37241"}],"wp:attachment":[{"href":"https:\/\/rdnews.al\/index.php\/wp-json\/wp\/v2\/media?parent=37377"}],"wp:term":[{"taxonomy":"category","embeddable":true,"href":"https:\/\/rdnews.al\/index.php\/wp-json\/wp\/v2\/categories?post=37377"},{"taxonomy":"post_tag","embeddable":true,"href":"https:\/\/rdnews.al\/index.php\/wp-json\/wp\/v2\/tags?post=37377"}],"curies":[{"name":"wp","href":"https:\/\/api.w.org\/{rel}","templated":true}]}}