{"id":37390,"date":"2023-02-15T10:14:51","date_gmt":"2023-02-15T10:14:51","guid":{"rendered":"https:\/\/rdnews.al\/?p=37390"},"modified":"2023-02-15T10:14:51","modified_gmt":"2023-02-15T10:14:51","slug":"bugajskit-serbia-njeh-kosoven-kur-rusia-te-humbe-luften","status":"publish","type":"post","link":"https:\/\/rdnews.al\/index.php\/2023\/02\/15\/bugajskit-serbia-njeh-kosoven-kur-rusia-te-humbe-luften\/","title":{"rendered":"Bugajskit: Serbia njeh Kosov\u00ebn kur Rusia t\u00eb humb\u00eb luft\u00ebn!"},"content":{"rendered":"<p>Analisti i njohur i marr\u00ebdh\u00ebnieve\u00a0nd\u00ebrkomb\u00ebtare,\u00a0Janush\u00a0Bugajski n\u00eb nj\u00eb intervist\u00eb p\u00ebr Euronews Albania, mb\u00ebshtet\u00a0kushtet e vendosura nga Albin Kurti\u00a0p\u00ebr\u00a0Asociacionin.<\/p>\n<p>Por sipas\u00a0tij, faktori nd\u00ebrkomb\u00ebtar\u00a0duhet t\u2019i b\u00ebj\u00eb m\u00eb shume presion Serbis\u00eb dhe t\u00eb kusht\u00ebzoj\u00eb\u00a0an\u00ebtar\u00ebsimin e saj me kushtet e Kosov\u00ebs.<\/p>\n<p>Sipas Bugajskit, her\u00ebt e von\u00eb Serbia do ta njoh\u00eb Kosov\u00ebs, por kjo sipas tij ka m\u00eb shume gjasa t\u00eb ndodh\u00eb kur Rusia t\u00eb humbas\u00eb luft\u00ebn dhe rolin e nd\u00ebrhyrjes\u00a0s\u00eb saj n\u00eb Ballkan.<\/p>\n<p>\u201cN\u00eb fakt jam optimist q\u00eb kjo gj\u00eb her\u00ebt apo von\u00eb do t\u00eb ndodh\u00eb. Mbase nuk do t\u00eb ndodh\u00eb gjat\u00eb k\u00ebsaj qeverie, pra qeveris\u00eb s\u00eb Vu\u00e7i\u00e7. Gjasat m\u00eb shum\u00eb jan\u00eb q\u00eb t\u00eb ndodh\u00eb kur Rusia ta humb\u00eb luft\u00ebn n\u00eb Ukrain\u00eb, t\u00eb dob\u00ebsohet dhe t\u00eb mos nd\u00ebrhyj\u00eb m\u00eb n\u00eb Ballkan. Ka gjasa t\u00eb ndodh\u00eb m\u00eb shum\u00eb. Dhe me shum\u00eb gjasa do t\u00eb ndodh\u00eb kur kushte m\u00eb t\u00eb ashpra t\u2019i vendosen Beogradit p\u00ebr t\u00eb pranuar pavar\u00ebsin\u00eb e Kosov\u00ebs. Pra me fjal\u00eb t\u00eb tjera, ti e pranon t\u00eb hapet rruga e an\u00ebtar\u00ebsimit n\u00eb BE, n\u00eb t\u00eb kund\u00ebrt nuk ka mund\u00ebsi an\u00ebtar\u00ebsimi, por do humbas\u00ebsh dhe fondet e BE\u201d,\u00a0 tha analisti.<\/p>\n","protected":false},"excerpt":{"rendered":"<p>Analisti i njohur i marr\u00ebdh\u00ebnieve\u00a0nd\u00ebrkomb\u00ebtare,\u00a0Janush\u00a0Bugajski n\u00eb nj\u00eb intervist\u00eb p\u00ebr Euronews Albania, mb\u00ebshtet\u00a0kushtet e vendosura nga Albin Kurti\u00a0p\u00ebr\u00a0Asociacionin. Por sipas\u00a0tij, faktori nd\u00ebrkomb\u00ebtar\u00a0duhet t\u2019i b\u00ebj\u00eb m\u00eb shume presion Serbis\u00eb dhe t\u00eb kusht\u00ebzoj\u00eb\u00a0an\u00ebtar\u00ebsimin e saj me kushtet e Kosov\u00ebs. Sipas Bugajskit, her\u00ebt e von\u00eb Serbia do ta njoh\u00eb Kosov\u00ebs, por kjo sipas tij ka m\u00eb shume gjasa t\u00eb &hellip;<\/p>\n","protected":false},"author":4,"featured_media":14437,"comment_status":"open","ping_status":"open","sticky":false,"template":"","format":"standard","meta":{"footnotes":""},"categories":[38],"tags":[],"class_list":["post-37390","post","type-post","status-publish","format-standard","has-post-thumbnail","","category-bota"],"_links":{"self":[{"href":"https:\/\/rdnews.al\/index.php\/wp-json\/wp\/v2\/posts\/37390","targetHints":{"allow":["GET"]}}],"collection":[{"href":"https:\/\/rdnews.al\/index.php\/wp-json\/wp\/v2\/posts"}],"about":[{"href":"https:\/\/rdnews.al\/index.php\/wp-json\/wp\/v2\/types\/post"}],"author":[{"embeddable":true,"href":"https:\/\/rdnews.al\/index.php\/wp-json\/wp\/v2\/users\/4"}],"replies":[{"embeddable":true,"href":"https:\/\/rdnews.al\/index.php\/wp-json\/wp\/v2\/comments?post=37390"}],"version-history":[{"count":0,"href":"https:\/\/rdnews.al\/index.php\/wp-json\/wp\/v2\/posts\/37390\/revisions"}],"wp:featuredmedia":[{"embeddable":true,"href":"https:\/\/rdnews.al\/index.php\/wp-json\/wp\/v2\/media\/14437"}],"wp:attachment":[{"href":"https:\/\/rdnews.al\/index.php\/wp-json\/wp\/v2\/media?parent=37390"}],"wp:term":[{"taxonomy":"category","embeddable":true,"href":"https:\/\/rdnews.al\/index.php\/wp-json\/wp\/v2\/categories?post=37390"},{"taxonomy":"post_tag","embeddable":true,"href":"https:\/\/rdnews.al\/index.php\/wp-json\/wp\/v2\/tags?post=37390"}],"curies":[{"name":"wp","href":"https:\/\/api.w.org\/{rel}","templated":true}]}}