{"id":37505,"date":"2023-02-16T09:22:51","date_gmt":"2023-02-16T09:22:51","guid":{"rendered":"https:\/\/rdnews.al\/?p=37505"},"modified":"2023-02-16T09:22:51","modified_gmt":"2023-02-16T09:22:51","slug":"deputetet-kane-te-drejte-te-jene-ne-salle-rama-kerkon-te-zbrazet-parlamenti-nga-opozita","status":"publish","type":"post","link":"https:\/\/rdnews.al\/index.php\/2023\/02\/16\/deputetet-kane-te-drejte-te-jene-ne-salle-rama-kerkon-te-zbrazet-parlamenti-nga-opozita\/","title":{"rendered":"Deputet\u00ebt kan\u00eb t\u00eb drejt\u00eb t\u00eb jen\u00eb n\u00eb sall\u00eb, Rama k\u00ebrkon t\u00eb zbrazet parlamenti nga opozita"},"content":{"rendered":"<p>Deputeti i PD, Oerd Bylykbashi n\u00eb nj\u00eb komunikim nga jasht\u00eb Kuvendit tha se, kan\u00eb b\u00ebr\u00eb ankim n\u00eb Byron\u00eb e Kuvendit lidhur me p\u00ebrjashtimin e deputet\u00ebve t\u00eb opozit\u00ebs. Gjithashtu ka akuzuar kryeministrin Edi Rama p\u00ebr \u00e7\u00ebshtjen McGonigal.<\/p>\n<p>\u201cDeri n\u00eb marrjen e vendimit nga Byroja e Kuvendit, deputet\u00ebt kan\u00eb t\u00eb drejt\u00eb t\u00eb hyjn\u00eb n\u00eb s\u00e9ancw. Pra, kryetarja e Kuvendit ka detyrim t\u00eb respektoj\u00eb ligjin dhe t\u00eb lejoj\u00eb deputet\u00ebt t\u00eb hyjn\u00eb brenda. N\u00eb t\u00eb kund\u00ebrt,\u00a0Rama \u00ebsht\u00eb duke e p\u00ebrdorur Kuvendit p\u00ebr t\u00eb cenuar t\u00eb drejtat e p\u00ebrfaq\u00ebsimit t\u00eb atyre q\u00eb na kan\u00eb votuar p\u00ebr t\u00eb ngritur k\u00ebrkes\u00ebn p\u00ebr nj\u00eb komision hetimor p\u00ebr afer\u00ebn MCGonigal. \u00cbsht\u00eb nj\u00eb sthuhi q\u00eb \u00ebsht\u00eb ngritur kund\u00ebr Kryeministri, nj\u00eb afer\u00eb q\u00eb ka turp\u00ebruar dhe k\u00ebrkon q\u00eb t\u00eb dalin jasht\u00eb t\u00eb gjitha ato lidhje kriminale. Kryeministri k\u00ebrkon t\u00eb zbrazet salla e parlamentit nga opozita. Ne k\u00ebrkojm\u00eb q\u00eb Byroja t\u00eb marr\u00eb n\u00eb shqyrtim k\u00ebrkes\u00ebn ton\u00eb\u201d, tha Bylykbashi.<\/p>\n<p>Nd\u00ebrkoh\u00eb mb\u00ebshtet\u00ebs t\u00eb PD jan\u00eb mbledhur jasht\u00eb Kuvendit duke protestuar kund\u00ebr korrupsionit. Protestuesve i jan\u00eb bashkuar edhe deputet\u00eb t\u00eb opozit\u00ebs.<\/p>\n","protected":false},"excerpt":{"rendered":"<p>Deputeti i PD, Oerd Bylykbashi n\u00eb nj\u00eb komunikim nga jasht\u00eb Kuvendit tha se, kan\u00eb b\u00ebr\u00eb ankim n\u00eb Byron\u00eb e Kuvendit lidhur me p\u00ebrjashtimin e deputet\u00ebve t\u00eb opozit\u00ebs. Gjithashtu ka akuzuar kryeministrin Edi Rama p\u00ebr \u00e7\u00ebshtjen McGonigal. \u201cDeri n\u00eb marrjen e vendimit nga Byroja e Kuvendit, deputet\u00ebt kan\u00eb t\u00eb drejt\u00eb t\u00eb hyjn\u00eb n\u00eb s\u00e9ancw. Pra, kryetarja &hellip;<\/p>\n","protected":false},"author":4,"featured_media":37506,"comment_status":"open","ping_status":"open","sticky":false,"template":"","format":"standard","meta":{"footnotes":""},"categories":[37],"tags":[],"class_list":["post-37505","post","type-post","status-publish","format-standard","has-post-thumbnail","","category-politike"],"_links":{"self":[{"href":"https:\/\/rdnews.al\/index.php\/wp-json\/wp\/v2\/posts\/37505","targetHints":{"allow":["GET"]}}],"collection":[{"href":"https:\/\/rdnews.al\/index.php\/wp-json\/wp\/v2\/posts"}],"about":[{"href":"https:\/\/rdnews.al\/index.php\/wp-json\/wp\/v2\/types\/post"}],"author":[{"embeddable":true,"href":"https:\/\/rdnews.al\/index.php\/wp-json\/wp\/v2\/users\/4"}],"replies":[{"embeddable":true,"href":"https:\/\/rdnews.al\/index.php\/wp-json\/wp\/v2\/comments?post=37505"}],"version-history":[{"count":0,"href":"https:\/\/rdnews.al\/index.php\/wp-json\/wp\/v2\/posts\/37505\/revisions"}],"wp:featuredmedia":[{"embeddable":true,"href":"https:\/\/rdnews.al\/index.php\/wp-json\/wp\/v2\/media\/37506"}],"wp:attachment":[{"href":"https:\/\/rdnews.al\/index.php\/wp-json\/wp\/v2\/media?parent=37505"}],"wp:term":[{"taxonomy":"category","embeddable":true,"href":"https:\/\/rdnews.al\/index.php\/wp-json\/wp\/v2\/categories?post=37505"},{"taxonomy":"post_tag","embeddable":true,"href":"https:\/\/rdnews.al\/index.php\/wp-json\/wp\/v2\/tags?post=37505"}],"curies":[{"name":"wp","href":"https:\/\/api.w.org\/{rel}","templated":true}]}}