{"id":37609,"date":"2023-02-16T18:43:23","date_gmt":"2023-02-16T18:43:23","guid":{"rendered":"https:\/\/rdnews.al\/?p=37609"},"modified":"2023-02-16T18:43:23","modified_gmt":"2023-02-16T18:43:23","slug":"barcelona-pagoi-1-7-milione-euro-per-zv-kryetarin-e-arbitrave-qe-te-mos-merreshin-vendime-kunder-tyre","status":"publish","type":"post","link":"https:\/\/rdnews.al\/index.php\/2023\/02\/16\/barcelona-pagoi-1-7-milione-euro-per-zv-kryetarin-e-arbitrave-qe-te-mos-merreshin-vendime-kunder-tyre\/","title":{"rendered":"Barcelona pagoi 1.7 milion\u00eb Euro p\u00ebr zv\/kryetarin e arbitrave\u00a0q\u00eb t\u00eb mos merreshin vendime kund\u00ebr tyre"},"content":{"rendered":"<p>Nj\u00eb skandal ka p\u00ebrfshir\u00eb klubin e Barcelon\u00ebs. Gazeta spanjolle El Mundo ka zbuluar ekskluzivisht disa fatura q\u00eb klubi katalan ka paguar p\u00ebr Enriquez Negreira, i cili ka q\u00ebn\u00eb z\u00ebvend\u00ebs kryetar i Komitetit Teknik t\u00eb Arbitrave.<\/p>\n<p>B\u00ebhet fjal\u00eb gjithsej p\u00ebr 33 pagesa p\u00ebr nj\u00eb kompani p\u00ebr t\u00eb cil\u00ebn punonte Negreira, t\u00eb cilat arrijn\u00eb n\u00eb total af\u00ebrsisht 1.7 milion\u00eb Euro, t\u00eb dh\u00ebna nga viti 2016 deri n\u00eb 2018.<\/p>\n<p>Faturat jan\u00eb paguar p\u00ebr sh\u00ebrbimin e konsulenc\u00ebs teknike me an\u00eb t\u00eb videove si dhe p\u00ebrgatitjen dhe d\u00ebrgimi i videove teknike n\u00eb klub. Faturat variojn\u00eb nga 30 deri n\u00eb 90 mij\u00eb Euro. Fundi i pagesave p\u00ebrkon me koh\u00ebn kur Negreira u largua nga detyra e z\u00ebvend\u00ebs kryetarit t\u00eb Komitetit t\u00eb Arbitrave.<\/p>\n<p>Agjencia e t\u00eb Ardhurave n\u00eb Spanj\u00eb pretendon me an\u00eb t\u00eb k\u00ebtyre shp\u00ebrblimeve Barcelona k\u00ebrkonte t\u00eb sigurohej q\u00eb t\u00eb mos merreshin vendime t\u00eb arbitrave kund\u00ebr tyre, dhe q\u00eb gjith\u00e7ka t\u00eb ishte neutrale.<\/p>\n<p>Bar\u00e7a nga ana tjet\u00ebr ka deklaruar se nuk kan\u00eb vazhduar me pagesat p\u00ebr t\u00eb ukur kostot e klubit. Sipas klubit konsulenca teknike dhe p\u00ebrgatitja e videove b\u00ebhej p\u00ebr t\u00eb marr\u00eb t\u00eb dh\u00ebna p\u00ebr lojtr\u00ebt n\u00eb kategorit\u00eb e ul\u00ebta ku merrte pjes\u00eb klubi.<\/p>\n<p>Dalja n\u00eb drit\u00eb e k\u00ebtyre lajmeve \u00ebsht\u00eb cil\u00ebsuar si nj\u00eb sulm n\u00eb k\u00ebt\u00eb moment t\u00eb mir\u00eb sportive q\u00eb po kalon skuadra n\u00eb kampionat.<\/p>\n","protected":false},"excerpt":{"rendered":"<p>Nj\u00eb skandal ka p\u00ebrfshir\u00eb klubin e Barcelon\u00ebs. Gazeta spanjolle El Mundo ka zbuluar ekskluzivisht disa fatura q\u00eb klubi katalan ka paguar p\u00ebr Enriquez Negreira, i cili ka q\u00ebn\u00eb z\u00ebvend\u00ebs kryetar i Komitetit Teknik t\u00eb Arbitrave. B\u00ebhet fjal\u00eb gjithsej p\u00ebr 33 pagesa p\u00ebr nj\u00eb kompani p\u00ebr t\u00eb cil\u00ebn punonte Negreira, t\u00eb cilat arrijn\u00eb n\u00eb total af\u00ebrsisht &hellip;<\/p>\n","protected":false},"author":4,"featured_media":37610,"comment_status":"open","ping_status":"open","sticky":false,"template":"","format":"standard","meta":{"footnotes":""},"categories":[39],"tags":[],"class_list":["post-37609","post","type-post","status-publish","format-standard","has-post-thumbnail","","category-sport"],"_links":{"self":[{"href":"https:\/\/rdnews.al\/index.php\/wp-json\/wp\/v2\/posts\/37609","targetHints":{"allow":["GET"]}}],"collection":[{"href":"https:\/\/rdnews.al\/index.php\/wp-json\/wp\/v2\/posts"}],"about":[{"href":"https:\/\/rdnews.al\/index.php\/wp-json\/wp\/v2\/types\/post"}],"author":[{"embeddable":true,"href":"https:\/\/rdnews.al\/index.php\/wp-json\/wp\/v2\/users\/4"}],"replies":[{"embeddable":true,"href":"https:\/\/rdnews.al\/index.php\/wp-json\/wp\/v2\/comments?post=37609"}],"version-history":[{"count":0,"href":"https:\/\/rdnews.al\/index.php\/wp-json\/wp\/v2\/posts\/37609\/revisions"}],"wp:featuredmedia":[{"embeddable":true,"href":"https:\/\/rdnews.al\/index.php\/wp-json\/wp\/v2\/media\/37610"}],"wp:attachment":[{"href":"https:\/\/rdnews.al\/index.php\/wp-json\/wp\/v2\/media?parent=37609"}],"wp:term":[{"taxonomy":"category","embeddable":true,"href":"https:\/\/rdnews.al\/index.php\/wp-json\/wp\/v2\/categories?post=37609"},{"taxonomy":"post_tag","embeddable":true,"href":"https:\/\/rdnews.al\/index.php\/wp-json\/wp\/v2\/tags?post=37609"}],"curies":[{"name":"wp","href":"https:\/\/api.w.org\/{rel}","templated":true}]}}