{"id":37637,"date":"2023-02-17T10:48:56","date_gmt":"2023-02-17T10:48:56","guid":{"rendered":"https:\/\/rdnews.al\/?p=37637"},"modified":"2023-02-17T10:48:56","modified_gmt":"2023-02-17T10:48:56","slug":"kurti-rames-mos-mbaj-shpresa-tek-vucic","status":"publish","type":"post","link":"https:\/\/rdnews.al\/index.php\/2023\/02\/17\/kurti-rames-mos-mbaj-shpresa-tek-vucic\/","title":{"rendered":"Kurti-Ram\u00ebs: Mos mbaj shpresa tek Vu\u00e7i\u00e7"},"content":{"rendered":"<p>N\u00eb mbyllje t\u00eb emisionit \u201cOpinion\u201d n\u00eb Tv Klan, Kryeministri i Kosov\u00ebs Albin Kurti la nj\u00eb porosi p\u00ebr homologun e tij Edi Rama.<\/p>\n<p>Kurti i uroi suksese Republik\u00ebs s\u00eb Shqip\u00ebris\u00eb dhe tha se Rama duhet t\u00eb ket\u00eb m\u00eb pak shpresa te Presidenti i Serbis\u00eb.<\/p>\n<p><strong>Blendi Fevziu: Nes\u00ebr do t\u00eb kem n\u00eb studio Kryeministrin Edi Rama, a keni ndonj\u00eb porosi p\u00ebr t\u00eb?<\/strong><\/p>\n<p>Albin Kurti: I d\u00ebshiroj shum\u00eb suksese Republik\u00ebs s\u00eb Shqip\u00ebris\u00eb, jemi dy shtete t\u00eb t\u00eb nj\u00ebjtit komb dhe do t\u00eb duhej q\u00eb t\u00eb ket\u00eb shum\u00eb m\u00eb pak shpresa te Presidenti i Serbis\u00eb i cili nuk shk\u00ebputet dot nga Presidenti despotik i Rusis\u00eb.<\/p>\n<p>M\u00eb her\u00ebt, Kurti u shpreh se marr\u00ebdh\u00ebniet e tij me Ram\u00ebn s\u2019kan\u00eb tensione por megjithat\u00eb nuk bien dakord p\u00ebr \u00e7do gj\u00eb.<\/p>\n<p>\u201cBesoj q\u00eb dallimi i cili \u00ebsht\u00eb m\u00eb i njohuri publikisht \u00ebsht\u00eb raportet n\u00eb rajonin e Ballkanit Per\u00ebndimor. Un\u00eb besoj q\u00eb Ballkani Evropian dhe demokratik \u00ebsht\u00eb mjaftuesh\u00ebm i hapur, nd\u00ebrkoh\u00eb q\u00eb \u201cBallkani i Hapur\u201d nuk \u00ebsht\u00eb mjaftuesh\u00ebm demokratik dhe evropian\u201d, tha Kurti.<\/p>\n","protected":false},"excerpt":{"rendered":"<p>N\u00eb mbyllje t\u00eb emisionit \u201cOpinion\u201d n\u00eb Tv Klan, Kryeministri i Kosov\u00ebs Albin Kurti la nj\u00eb porosi p\u00ebr homologun e tij Edi Rama. Kurti i uroi suksese Republik\u00ebs s\u00eb Shqip\u00ebris\u00eb dhe tha se Rama duhet t\u00eb ket\u00eb m\u00eb pak shpresa te Presidenti i Serbis\u00eb. Blendi Fevziu: Nes\u00ebr do t\u00eb kem n\u00eb studio Kryeministrin Edi Rama, a &hellip;<\/p>\n","protected":false},"author":4,"featured_media":37638,"comment_status":"open","ping_status":"open","sticky":false,"template":"","format":"standard","meta":{"footnotes":""},"categories":[38],"tags":[],"class_list":["post-37637","post","type-post","status-publish","format-standard","has-post-thumbnail","","category-bota"],"_links":{"self":[{"href":"https:\/\/rdnews.al\/index.php\/wp-json\/wp\/v2\/posts\/37637","targetHints":{"allow":["GET"]}}],"collection":[{"href":"https:\/\/rdnews.al\/index.php\/wp-json\/wp\/v2\/posts"}],"about":[{"href":"https:\/\/rdnews.al\/index.php\/wp-json\/wp\/v2\/types\/post"}],"author":[{"embeddable":true,"href":"https:\/\/rdnews.al\/index.php\/wp-json\/wp\/v2\/users\/4"}],"replies":[{"embeddable":true,"href":"https:\/\/rdnews.al\/index.php\/wp-json\/wp\/v2\/comments?post=37637"}],"version-history":[{"count":0,"href":"https:\/\/rdnews.al\/index.php\/wp-json\/wp\/v2\/posts\/37637\/revisions"}],"wp:featuredmedia":[{"embeddable":true,"href":"https:\/\/rdnews.al\/index.php\/wp-json\/wp\/v2\/media\/37638"}],"wp:attachment":[{"href":"https:\/\/rdnews.al\/index.php\/wp-json\/wp\/v2\/media?parent=37637"}],"wp:term":[{"taxonomy":"category","embeddable":true,"href":"https:\/\/rdnews.al\/index.php\/wp-json\/wp\/v2\/categories?post=37637"},{"taxonomy":"post_tag","embeddable":true,"href":"https:\/\/rdnews.al\/index.php\/wp-json\/wp\/v2\/tags?post=37637"}],"curies":[{"name":"wp","href":"https:\/\/api.w.org\/{rel}","templated":true}]}}