{"id":37803,"date":"2023-02-18T12:26:33","date_gmt":"2023-02-18T12:26:33","guid":{"rendered":"https:\/\/rdnews.al\/?p=37803"},"modified":"2023-02-18T12:26:33","modified_gmt":"2023-02-18T12:26:33","slug":"paralajmerimi-i-shba-per-putin","status":"publish","type":"post","link":"https:\/\/rdnews.al\/index.php\/2023\/02\/18\/paralajmerimi-i-shba-per-putin\/","title":{"rendered":"Paralajm\u00ebrimi i SHBA p\u00ebr Putin"},"content":{"rendered":"<p><strong>Presidenti Joe Biden do t\u2019i \u201cd\u00ebrgoj\u00eb mesazhe\u201d homologut t\u00eb tij rus, Vladimir Putin, kur t\u00eb flas\u00eb n\u00eb Varshav\u00eb t\u00eb mart\u00ebn, nd\u00ebrsa p\u00ebrsh\u00ebndet p\u00ebrpjekjet e pashembullta t\u00eb NATO-s p\u00ebr t\u00eb ndihmuar Ukrain\u00ebn, ka th\u00ebn\u00eb SHBA.<\/strong><\/p>\n<p>Agence France-Presse raporton se Biden do t\u00eb mbaj\u00eb fjalimin n\u00eb Poloni \u2013 nj\u00eb aleat ky\u00e7 i SHBA-s\u00eb \u2013 n\u00eb t\u00eb nj\u00ebjt\u00ebn dit\u00eb q\u00eb Putini do t\u00eb mbaj\u00eb fjalimin e tij n\u00eb Mosk\u00eb, tre dit\u00eb para p\u00ebrvjetorit t\u00eb nj\u00eb viti t\u00eb pushtimit t\u00eb Rusis\u00eb.<\/p>\n<p>Biden do t\u00eb takohet n\u00eb Varshav\u00eb t\u00eb mart\u00ebn dhe do t\u00eb takohet me presidentin polak, Andrzej Duda. T\u00eb m\u00ebrkur\u00ebn ai takohet me krer\u00ebt e \u2018Bukuresht Nine\u2019, nj\u00eb grup an\u00ebtar\u00ebsh t\u00eb NATO-s n\u00eb Europ\u00ebn Lindore.<\/p>\n<p>P\u00ebrve\u00e7 k\u00ebsaj, tha Sht\u00ebpia e Bardh\u00eb, ai do t\u00eb fliste me telefon jav\u00ebn e ardhshme me lider\u00ebt e Britanis\u00eb, Franc\u00ebs dhe Italis\u00eb. Kancelari gjerman, Olaf Scholz, do t\u00eb jet\u00eb n\u00eb Washington m\u00eb 3 mars.<\/p>\n<p>Presidenti Biden do ta b\u00ebj\u00eb t\u00eb qart\u00eb se Shtetet e Bashkuara do t\u00eb vazhdojn\u00eb t\u00eb q\u00ebndrojn\u00eb me Ukrain\u00ebn \u201cp\u00ebr aq koh\u00eb sa t\u00eb duhet\u201d.<\/p>\n","protected":false},"excerpt":{"rendered":"<p>Presidenti Joe Biden do t\u2019i \u201cd\u00ebrgoj\u00eb mesazhe\u201d homologut t\u00eb tij rus, Vladimir Putin, kur t\u00eb flas\u00eb n\u00eb Varshav\u00eb t\u00eb mart\u00ebn, nd\u00ebrsa p\u00ebrsh\u00ebndet p\u00ebrpjekjet e pashembullta t\u00eb NATO-s p\u00ebr t\u00eb ndihmuar Ukrain\u00ebn, ka th\u00ebn\u00eb SHBA. Agence France-Presse raporton se Biden do t\u00eb mbaj\u00eb fjalimin n\u00eb Poloni \u2013 nj\u00eb aleat ky\u00e7 i SHBA-s\u00eb \u2013 n\u00eb t\u00eb nj\u00ebjt\u00ebn &hellip;<\/p>\n","protected":false},"author":4,"featured_media":37804,"comment_status":"open","ping_status":"open","sticky":false,"template":"","format":"standard","meta":{"footnotes":""},"categories":[38],"tags":[],"class_list":["post-37803","post","type-post","status-publish","format-standard","has-post-thumbnail","","category-bota"],"_links":{"self":[{"href":"https:\/\/rdnews.al\/index.php\/wp-json\/wp\/v2\/posts\/37803","targetHints":{"allow":["GET"]}}],"collection":[{"href":"https:\/\/rdnews.al\/index.php\/wp-json\/wp\/v2\/posts"}],"about":[{"href":"https:\/\/rdnews.al\/index.php\/wp-json\/wp\/v2\/types\/post"}],"author":[{"embeddable":true,"href":"https:\/\/rdnews.al\/index.php\/wp-json\/wp\/v2\/users\/4"}],"replies":[{"embeddable":true,"href":"https:\/\/rdnews.al\/index.php\/wp-json\/wp\/v2\/comments?post=37803"}],"version-history":[{"count":0,"href":"https:\/\/rdnews.al\/index.php\/wp-json\/wp\/v2\/posts\/37803\/revisions"}],"wp:featuredmedia":[{"embeddable":true,"href":"https:\/\/rdnews.al\/index.php\/wp-json\/wp\/v2\/media\/37804"}],"wp:attachment":[{"href":"https:\/\/rdnews.al\/index.php\/wp-json\/wp\/v2\/media?parent=37803"}],"wp:term":[{"taxonomy":"category","embeddable":true,"href":"https:\/\/rdnews.al\/index.php\/wp-json\/wp\/v2\/categories?post=37803"},{"taxonomy":"post_tag","embeddable":true,"href":"https:\/\/rdnews.al\/index.php\/wp-json\/wp\/v2\/tags?post=37803"}],"curies":[{"name":"wp","href":"https:\/\/api.w.org\/{rel}","templated":true}]}}