{"id":38207,"date":"2023-02-22T13:21:54","date_gmt":"2023-02-22T13:21:54","guid":{"rendered":"https:\/\/rdnews.al\/?p=38207"},"modified":"2023-02-22T17:10:48","modified_gmt":"2023-02-22T17:10:48","slug":"berisha-thirrje-qytetareve-neser-te-protestojme-me-fuqine-me-te-madhe-perpara-parlamentit","status":"publish","type":"post","link":"https:\/\/rdnews.al\/index.php\/2023\/02\/22\/berisha-thirrje-qytetareve-neser-te-protestojme-me-fuqine-me-te-madhe-perpara-parlamentit\/","title":{"rendered":"Berisha thirrje qytetar\u00ebve: Nes\u00ebr t\u00eb protestojm\u00eb me fuqin\u00eb m\u00eb t\u00eb madhe p\u00ebrpara parlamentit"},"content":{"rendered":"<p>Berisha u b\u00ebri thirrje qytetar\u00ebve q\u00eb nes\u00ebr t\u00eb protestojm\u00eb me fuqin\u00eb m\u00eb t\u00eb madhe p\u00ebrpara parlamentit. Ai tha se, Ky \u00ebsht\u00eb parlament i krimit.<\/p>\n<p>\u201cNdaj dhe nes\u00ebr ju b\u00ebj thirrje qytetar\u00ebve t\u00eb q\u00eb protestojm\u00eb me fuqin\u00eb m\u00eb t\u00eb madhe p\u00ebrpara parlamentit.<\/p>\n<p>Ky \u00ebsht\u00eb parlament i krimit.<\/p>\n<p>Sikund\u00ebr deputet\u00ebt tan\u00eb do t\u00eb b\u00ebjn\u00eb nj\u00eb p\u00ebrpjekje t\u00eb jasht\u00ebzakonshme p\u00ebr arritjen e q\u00ebllimeve t\u00eb tyre.<\/p>\n<p>Para bot\u00ebs ka nj\u00eb parlament t\u00eb vet\u00ebm q\u00eb ka p\u00ebrjashtuar 23 deputet\u00eb vet\u00ebm q\u00eb Edi Rama t\u00eb mos hetohet p\u00ebr krimin q\u00eb ka kryer, p\u00ebr korruptimin e zbuluesit kryesor t\u00eb vendit partner dhe mik t\u00eb Shqip\u00ebris\u00eb.<\/p>\n<p>Dorian Du\u00e7ka \u00ebsht\u00eb i implikuar n\u00eb afera t\u00eb spektrit m\u00eb t\u00eb gjer\u00eb.<\/p>\n<p>Ka SPAK, ka drejt\u00ebsi k\u00ebtu, ka hetim? Nuk ekzistojn\u00eb. Kur deklarova n\u00eb fillim q\u00eb McGonigal ka takuar dhe ka drekuar me eksponent\u00eb t\u00eb SPAK, b\u00ebn\u00eb nj\u00eb seri deklaratash q\u00eb nuk \u00ebsht\u00eb e v\u00ebrtet\u00eb.<\/p>\n<p>\u00c7far\u00eb \u00ebsht\u00eb e v\u00ebrtet\u00eb? Q\u00eb Du\u00e7ka, McGonigal dhe Neza kan\u00eb vendosur gjoba milion\u00ebshe? Nuk \u00ebsht\u00eb e v\u00ebrtet\u00eb q\u00eb ka nd\u00ebrhyr\u00eb n\u00eb veting?\u201d, tha Berisha.<\/p>\n","protected":false},"excerpt":{"rendered":"<p>Berisha u b\u00ebri thirrje qytetar\u00ebve q\u00eb nes\u00ebr t\u00eb protestojm\u00eb me fuqin\u00eb m\u00eb t\u00eb madhe p\u00ebrpara parlamentit. Ai tha se, Ky \u00ebsht\u00eb parlament i krimit. \u201cNdaj dhe nes\u00ebr ju b\u00ebj thirrje qytetar\u00ebve t\u00eb q\u00eb protestojm\u00eb me fuqin\u00eb m\u00eb t\u00eb madhe p\u00ebrpara parlamentit. Ky \u00ebsht\u00eb parlament i krimit. Sikund\u00ebr deputet\u00ebt tan\u00eb do t\u00eb b\u00ebjn\u00eb nj\u00eb p\u00ebrpjekje t\u00eb &hellip;<\/p>\n","protected":false},"author":4,"featured_media":38171,"comment_status":"open","ping_status":"open","sticky":false,"template":"","format":"standard","meta":{"footnotes":""},"categories":[37],"tags":[],"class_list":["post-38207","post","type-post","status-publish","format-standard","has-post-thumbnail","","category-politike"],"_links":{"self":[{"href":"https:\/\/rdnews.al\/index.php\/wp-json\/wp\/v2\/posts\/38207","targetHints":{"allow":["GET"]}}],"collection":[{"href":"https:\/\/rdnews.al\/index.php\/wp-json\/wp\/v2\/posts"}],"about":[{"href":"https:\/\/rdnews.al\/index.php\/wp-json\/wp\/v2\/types\/post"}],"author":[{"embeddable":true,"href":"https:\/\/rdnews.al\/index.php\/wp-json\/wp\/v2\/users\/4"}],"replies":[{"embeddable":true,"href":"https:\/\/rdnews.al\/index.php\/wp-json\/wp\/v2\/comments?post=38207"}],"version-history":[{"count":0,"href":"https:\/\/rdnews.al\/index.php\/wp-json\/wp\/v2\/posts\/38207\/revisions"}],"wp:featuredmedia":[{"embeddable":true,"href":"https:\/\/rdnews.al\/index.php\/wp-json\/wp\/v2\/media\/38171"}],"wp:attachment":[{"href":"https:\/\/rdnews.al\/index.php\/wp-json\/wp\/v2\/media?parent=38207"}],"wp:term":[{"taxonomy":"category","embeddable":true,"href":"https:\/\/rdnews.al\/index.php\/wp-json\/wp\/v2\/categories?post=38207"},{"taxonomy":"post_tag","embeddable":true,"href":"https:\/\/rdnews.al\/index.php\/wp-json\/wp\/v2\/tags?post=38207"}],"curies":[{"name":"wp","href":"https:\/\/api.w.org\/{rel}","templated":true}]}}