{"id":3841,"date":"2022-02-03T21:05:26","date_gmt":"2022-02-03T21:05:26","guid":{"rendered":"https:\/\/rdnews.al\/?p=3841"},"modified":"2022-02-03T21:09:57","modified_gmt":"2022-02-03T21:09:57","slug":"muka-basha-ka-tradhetuar-anetaresine-e-pd-kthesa-e-madhe-nis-nga-durresi","status":"publish","type":"post","link":"https:\/\/rdnews.al\/index.php\/2022\/02\/03\/muka-basha-ka-tradhetuar-anetaresine-e-pd-kthesa-e-madhe-nis-nga-durresi\/","title":{"rendered":"Muka: Basha ka tradh\u00ebtuar an\u00ebtar\u00ebsin\u00eb e PD, kthesa e madhe nis nga Durr\u00ebsi!"},"content":{"rendered":"<p>Kandidati i Koalicionit \u201cSht\u00ebpia e liris\u00eb\u201d p\u00ebr Bashkin\u00eb e Durr\u00ebsit, Ardian Muka, ka komentuar zgjedhjet e 6 marsit.<\/p>\n<p>Muka theksoi se, n\u00eb Durr\u00ebs do t\u00eb nis\u00eb kthesa e madhe e s\u00eb djatht\u00ebs, duke th\u00ebn\u00eb se Lulzim Basha ka tradhtuar an\u00ebtar\u00ebt e PD-s\u00eb.<\/p>\n<p>\u201cN\u00eb Durr\u00ebs, e djathta ka treguar se kur b\u00ebhet bashk\u00eb fiton. An\u00ebtar\u00ebsia ka kuptuar se Basha i ka tradhtuar dhe ka bashkim rreth \u201cSht\u00ebpis\u00eb s\u00eb Liris\u00eb\u201d. N\u00eb Durr\u00ebs do t\u00eb filloj\u00eb kthesa e madhe\u201d, u shpreh ai.<\/p>\n","protected":false},"excerpt":{"rendered":"<p>Kandidati i Koalicionit \u201cSht\u00ebpia e liris\u00eb\u201d p\u00ebr Bashkin\u00eb e Durr\u00ebsit, Ardian Muka, ka komentuar zgjedhjet e 6 marsit. Muka theksoi se, n\u00eb Durr\u00ebs do t\u00eb nis\u00eb kthesa e madhe e s\u00eb djatht\u00ebs, duke th\u00ebn\u00eb se Lulzim Basha ka tradhtuar an\u00ebtar\u00ebt e PD-s\u00eb. \u201cN\u00eb Durr\u00ebs, e djathta ka treguar se kur b\u00ebhet bashk\u00eb fiton. An\u00ebtar\u00ebsia ka &hellip;<\/p>\n","protected":false},"author":4,"featured_media":3842,"comment_status":"open","ping_status":"open","sticky":false,"template":"","format":"standard","meta":{"footnotes":""},"categories":[37],"tags":[],"class_list":["post-3841","post","type-post","status-publish","format-standard","has-post-thumbnail","","category-politike"],"_links":{"self":[{"href":"https:\/\/rdnews.al\/index.php\/wp-json\/wp\/v2\/posts\/3841","targetHints":{"allow":["GET"]}}],"collection":[{"href":"https:\/\/rdnews.al\/index.php\/wp-json\/wp\/v2\/posts"}],"about":[{"href":"https:\/\/rdnews.al\/index.php\/wp-json\/wp\/v2\/types\/post"}],"author":[{"embeddable":true,"href":"https:\/\/rdnews.al\/index.php\/wp-json\/wp\/v2\/users\/4"}],"replies":[{"embeddable":true,"href":"https:\/\/rdnews.al\/index.php\/wp-json\/wp\/v2\/comments?post=3841"}],"version-history":[{"count":0,"href":"https:\/\/rdnews.al\/index.php\/wp-json\/wp\/v2\/posts\/3841\/revisions"}],"wp:featuredmedia":[{"embeddable":true,"href":"https:\/\/rdnews.al\/index.php\/wp-json\/wp\/v2\/media\/3842"}],"wp:attachment":[{"href":"https:\/\/rdnews.al\/index.php\/wp-json\/wp\/v2\/media?parent=3841"}],"wp:term":[{"taxonomy":"category","embeddable":true,"href":"https:\/\/rdnews.al\/index.php\/wp-json\/wp\/v2\/categories?post=3841"},{"taxonomy":"post_tag","embeddable":true,"href":"https:\/\/rdnews.al\/index.php\/wp-json\/wp\/v2\/tags?post=3841"}],"curies":[{"name":"wp","href":"https:\/\/api.w.org\/{rel}","templated":true}]}}