{"id":38412,"date":"2023-02-23T19:34:37","date_gmt":"2023-02-23T19:34:37","guid":{"rendered":"https:\/\/rdnews.al\/?p=38412"},"modified":"2023-02-23T20:01:55","modified_gmt":"2023-02-23T20:01:55","slug":"berisha-protestat-tona-paqesore-edi-rama-eshte-i-interesuar-per-dhune","status":"publish","type":"post","link":"https:\/\/rdnews.al\/index.php\/2023\/02\/23\/berisha-protestat-tona-paqesore-edi-rama-eshte-i-interesuar-per-dhune\/","title":{"rendered":"Berisha: Protestat tona paq\u00ebsore, Edi Rama \u00ebsht\u00eb i interesuar p\u00ebr dhun\u00eb!"},"content":{"rendered":"<p>Kryetari i PD, Sali Berisha tha se, ne jemi n\u00eb nj\u00eb revolucion dhe un\u00eb prap do t\u00eb ndalem k\u00ebtu, k\u00ebrkoj mir\u00ebkuptimin tuaj. Ai tha se, kjo \u00ebsht\u00eb nj\u00eb fjal\u00eb pak si e lart\u00eb dhe jo rrall\u00eb po m\u00eb thon\u00eb pse po e p\u00ebrdor k\u00ebt\u00eb term.<\/p>\n<p>\u201cUn\u00eb kam mir\u00ebkuptim p\u00ebr ata q\u00eb m\u00eb pyesin, por pse e p\u00ebrdor un\u00eb? Sepse ne kemi nj\u00eb regjim monist, monist, q\u00eb ka vendosur sistemin defakto t\u00eb eliminimit t\u00eb vot\u00ebs. Ju q\u00eb t\u00eb gjith\u00eb e njihni procesin elektoral. Por n\u00ebse un\u00eb kryeminist\u00ebr mobilizoj t\u00eb gjith\u00eb makinerin\u00eb shtet\u00ebrore dhe ti drejton nj\u00eb forc\u00eb politike e matesh me mua, un\u00eb me nj\u00eb logjistrik\u00eb 100-her\u00eb m\u00eb t\u00eb madhe se t\u00ebnden, me nj\u00eb buxhet sa buxheti i shtetit, kjo zgjedhjet i b\u00ebn fiktive se zgjedhjet kan\u00eb nj\u00eb kusht themelor; lojtar n\u00eb kushte t\u00eb barabarta.<\/p>\n<p>Un\u00eb ju dhash\u00eb vet\u00ebm k\u00ebt\u00eb shembull, por jan\u00eb t\u00eb gjitha praktikat e tjera q\u00eb ky ndjek kund\u00ebr vot\u00ebs s\u00eb lir\u00eb. At\u00ebher\u00eb \u00e7far\u00eb na mbetet ne? Na mbetet t\u00eb kapitullojm\u00eb, kurr\u00eb, jo. Sepse ne absolutisht do ta largojm\u00eb nga pushteti k\u00ebt\u00eb dhe ne nuk do t\u00eb vijm\u00eb kurr\u00eb n\u00eb pushtet p\u00ebrve\u00e7 se me vot\u00ebn e lir\u00eb, por k\u00ebtij nuk i ndahemi ne, jo.\u00a0Ne e kemi b\u00ebr\u00eb nj\u00ebher\u00eb k\u00ebt\u00eb revolucion n\u00eb vitin 1990-91. Kushtet jan\u00eb t\u00eb ndryshme, por ngjashm\u00ebrit\u00eb jan\u00eb reale. Edhe at\u00ebher\u00eb fituam, edhe tani do t\u00eb fitojm\u00eb. Do t\u00eb fitojm\u00eb. Do t\u00eb fitojm\u00eb duke persisituar.\u00a0Do t\u00eb fitojm\u00eb me mekanizma t\u00eb mosbindjes civile. At\u00ebher\u00eb kishim mekanizma t\u00eb tjer\u00eb t\u00eb fuqish\u00ebm, nuk i kemi sot ato, por prap sot ne do t\u00eb p\u00ebrdorim t\u00eb gjitha mund\u00ebsit\u00eb q\u00eb kemi.<\/p>\n<p>Do t\u00eb ju them nj\u00eb gj\u00eb. Q\u00eb nga viti 1990, deri m\u00eb sot k\u00ebto jan\u00eb protestat n\u00eb t\u00eb cilat forca politike q\u00eb i organizon ka vet\u00ebm nj\u00eb pushtetar, \u00e7\u2019ka do t\u00eb thot\u00eb jan\u00eb mas\u00eb e pafundme idealist\u00ebsh q\u00eb vijn\u00eb aty. Nuk i nxjerr pushteti ato, nuk i nxjerrin qeveritar\u00ebt vendor\u00eb ata. Ata i nxjerr vetja e tyre, idealet e tyre, ju u nxjerrin idealet tuaja. P\u00ebrkundrazi ju q\u00eb vini merrni rrisqe p\u00ebr t\u00eb dal\u00eb aty.<\/p>\n<p>Ka nj\u00eb dallim shum\u00eb t\u00eb madh me t\u00eb gjitha protestat tjera, k\u00ebto protesta. Pasi dor\u00ebzoi bashkin\u00eb n\u00eb vitin 2011, Edi Rama nga 753 protesta q\u00eb organizoi, nga ajo dit\u00eb e pas nuk organizoi dot m\u00eb asnj\u00eb protest\u00eb. P\u00ebr hir\u00eb t\u00eb s\u00eb v\u00ebrtet\u00ebs edhe Lulzim Basha protest\u00ebn e fundit q\u00eb b\u00ebri, 1 jav\u00eb q\u00eb humbi zgjedhjet lokale, ku akoma ishin bashkit\u00eb pa u dor\u00ebzuar.<\/p>\n<p>Pse e b\u00ebj k\u00ebt\u00eb analiz\u00eb, \u00ebsht\u00eb frym\u00ebzuese kjo. Nj\u00eb ushtri e v\u00ebrtet\u00eb idealist\u00ebsh, por ne do t\u00eb ndjekim e them edhe nj\u00ebher\u00eb, revolucion paq\u00ebsor, me element\u00eb t\u00eb qart\u00eb t\u00eb mosbindjes civile.<\/p>\n<p>Pse paq\u00ebsore se ne jemi forc\u00eb demokratike, nuk jemi forc\u00eb dhune. Nuk l\u00ebkundemi ne nga ky pozicion, askush nuk mund t\u00eb na intimidoj\u00eb. Ua them un\u00eb k\u00ebtu, kjo \u00ebsht\u00eb \u00e7\u00ebshtje bindje e thell\u00eb. Edi Rama \u00ebsht\u00eb i interesuar p\u00ebr dhun\u00eb. N\u00eb fakt jo vet\u00ebm ai, por edhe t\u00eb tjer\u00eb, por ne jemi forc\u00eb politike e cila beson n\u00eb fuqin\u00eb e l\u00ebvizjes paq\u00ebsore, beson n\u00eb fuqin\u00eb e mosbindjes civile\u201d, u shpreh Berisha.<\/p>\n","protected":false},"excerpt":{"rendered":"<p>Kryetari i PD, Sali Berisha tha se, ne jemi n\u00eb nj\u00eb revolucion dhe un\u00eb prap do t\u00eb ndalem k\u00ebtu, k\u00ebrkoj mir\u00ebkuptimin tuaj. Ai tha se, kjo \u00ebsht\u00eb nj\u00eb fjal\u00eb pak si e lart\u00eb dhe jo rrall\u00eb po m\u00eb thon\u00eb pse po e p\u00ebrdor k\u00ebt\u00eb term. \u201cUn\u00eb kam mir\u00ebkuptim p\u00ebr ata q\u00eb m\u00eb pyesin, por pse &hellip;<\/p>\n","protected":false},"author":4,"featured_media":38413,"comment_status":"open","ping_status":"open","sticky":false,"template":"","format":"standard","meta":{"footnotes":""},"categories":[40],"tags":[],"class_list":["post-38412","post","type-post","status-publish","format-standard","has-post-thumbnail","","category-aktualitet"],"_links":{"self":[{"href":"https:\/\/rdnews.al\/index.php\/wp-json\/wp\/v2\/posts\/38412","targetHints":{"allow":["GET"]}}],"collection":[{"href":"https:\/\/rdnews.al\/index.php\/wp-json\/wp\/v2\/posts"}],"about":[{"href":"https:\/\/rdnews.al\/index.php\/wp-json\/wp\/v2\/types\/post"}],"author":[{"embeddable":true,"href":"https:\/\/rdnews.al\/index.php\/wp-json\/wp\/v2\/users\/4"}],"replies":[{"embeddable":true,"href":"https:\/\/rdnews.al\/index.php\/wp-json\/wp\/v2\/comments?post=38412"}],"version-history":[{"count":0,"href":"https:\/\/rdnews.al\/index.php\/wp-json\/wp\/v2\/posts\/38412\/revisions"}],"wp:featuredmedia":[{"embeddable":true,"href":"https:\/\/rdnews.al\/index.php\/wp-json\/wp\/v2\/media\/38413"}],"wp:attachment":[{"href":"https:\/\/rdnews.al\/index.php\/wp-json\/wp\/v2\/media?parent=38412"}],"wp:term":[{"taxonomy":"category","embeddable":true,"href":"https:\/\/rdnews.al\/index.php\/wp-json\/wp\/v2\/categories?post=38412"},{"taxonomy":"post_tag","embeddable":true,"href":"https:\/\/rdnews.al\/index.php\/wp-json\/wp\/v2\/tags?post=38412"}],"curies":[{"name":"wp","href":"https:\/\/api.w.org\/{rel}","templated":true}]}}