{"id":38541,"date":"2023-02-24T20:55:19","date_gmt":"2023-02-24T20:55:19","guid":{"rendered":"https:\/\/rdnews.al\/?p=38541"},"modified":"2023-02-24T20:55:19","modified_gmt":"2023-02-24T20:55:19","slug":"meta-me-leket-e-inceneratoreve-rama-vodhi-zgjedhjet","status":"publish","type":"post","link":"https:\/\/rdnews.al\/index.php\/2023\/02\/24\/meta-me-leket-e-inceneratoreve-rama-vodhi-zgjedhjet\/","title":{"rendered":"Meta: Me lek\u00ebt e incenerator\u00ebve Rama vodhi zgjedhjet"},"content":{"rendered":"<p>Kryetari i Partis\u00eb s\u00eb Liris\u00eb, ilir Meta ishte i ftuar n\u00eb emisionin \u00c7im Peka Live, p\u00ebr t\u00eb diskutuar p\u00ebr skandalet dhe korrupsionin q\u00eb qeveria dhe kryeministri Rama kan\u00eb b\u00ebr\u00eb dhe vazhdojn\u00eb t\u00eb b\u00ebjn\u00eb \u00e7do dit\u00eb n\u00eb vend.<\/p>\n<p>Meta \u00ebsht\u00eb shprehur se SPAK \u00ebsht\u00eb vonuar me procedurat p\u00ebr t\u00eb hetuar mega-afer\u00ebn e incenerator\u00ebve dhe t\u00eb vendosjes para drejt\u00ebsis\u00eb t\u00eb gjith\u00eb personat e implikuar.<\/p>\n<p>&#8220;SPAK-u ka b\u00ebr\u00eb procedurat e veta por nuk i ka b\u00ebr\u00eb n\u00eb koh\u00ebn e duhur sepse duhej b\u00ebr\u00eb para 25 prillit. Ato dokumenta jan\u00eb publikuar nga un\u00eb t\u00eb nj\u00eb televizion komb\u00ebtar dhe jan\u00eb depozituar n\u00eb mars nga LSI dhe askush nuk u prek n\u00eb at\u00eb koh\u00eb sepse partia donte q\u00eb me lek\u00ebt e incenerator\u00ebve t\u00eb blinte votat p\u00ebr zgjedhjet.<\/p>\n<p>Ata kishin si q\u00ebllim kryesor votat e LSI n\u00eb at\u00eb koh\u00eb, veprimi i SPAK \u00ebsht\u00eb tep\u00ebr i vonuar. Nd\u00ebrkoh\u00eb q\u00eb Rama shton skandalet e tjera k\u00ebta ka nj\u00eb ngadal\u00ebsim t\u00eb madh ndaj fakteve sepse kjo i intereson Ram\u00ebs p\u00ebr t\u00eb th\u00ebn\u00eb q\u00eb\u00a0 shiko se di\u00e7ka po ndodh dhe merruni me k\u00ebta q\u00eb ai i ka zhytur n\u00eb paligjshm\u00ebri dhe merrte me vjedhjet e reja.<\/p>\n<p>Te vjedhja e incenerator\u00ebve kemi t\u00eb b\u00ebjm\u00eb me nj\u00eb grup t\u00eb strukturuar kriminal sepse jan\u00eb 17 vendime t\u00eb qeveris\u00eb q\u00eb jan\u00eb marr\u00eb n\u00eb presionin t\u00eb Edi Ram\u00ebs, nd\u00ebrsa drejtori i prokurimeve publike e ka l\u00ebn\u00eb m\u00eb shkrim at\u00eb koh\u00eb q\u00eb k\u00ebto jan\u00eb t\u00eb kund\u00ebrligjshme, sepse ministra aty e kan\u00eb cil\u00ebsuar k\u00ebto jan\u00eb afera t\u00eb paligjshme kjo edhe e v\u00ebrtetuar nga Shk\u00eblqim Cani q\u00eb dor\u00ebzoj\u00eb postin nga presioni dhe nuk d\u00ebshironte t\u00eb p\u00ebrlyej n\u00eb k\u00ebt\u00eb afer\u00eb&#8221;, u shpreh Meta.<\/p>\n","protected":false},"excerpt":{"rendered":"<p>Kryetari i Partis\u00eb s\u00eb Liris\u00eb, ilir Meta ishte i ftuar n\u00eb emisionin \u00c7im Peka Live, p\u00ebr t\u00eb diskutuar p\u00ebr skandalet dhe korrupsionin q\u00eb qeveria dhe kryeministri Rama kan\u00eb b\u00ebr\u00eb dhe vazhdojn\u00eb t\u00eb b\u00ebjn\u00eb \u00e7do dit\u00eb n\u00eb vend. Meta \u00ebsht\u00eb shprehur se SPAK \u00ebsht\u00eb vonuar me procedurat p\u00ebr t\u00eb hetuar mega-afer\u00ebn e incenerator\u00ebve dhe t\u00eb vendosjes &hellip;<\/p>\n","protected":false},"author":4,"featured_media":33861,"comment_status":"open","ping_status":"open","sticky":false,"template":"","format":"standard","meta":{"footnotes":""},"categories":[37],"tags":[],"class_list":["post-38541","post","type-post","status-publish","format-standard","has-post-thumbnail","","category-politike"],"_links":{"self":[{"href":"https:\/\/rdnews.al\/index.php\/wp-json\/wp\/v2\/posts\/38541","targetHints":{"allow":["GET"]}}],"collection":[{"href":"https:\/\/rdnews.al\/index.php\/wp-json\/wp\/v2\/posts"}],"about":[{"href":"https:\/\/rdnews.al\/index.php\/wp-json\/wp\/v2\/types\/post"}],"author":[{"embeddable":true,"href":"https:\/\/rdnews.al\/index.php\/wp-json\/wp\/v2\/users\/4"}],"replies":[{"embeddable":true,"href":"https:\/\/rdnews.al\/index.php\/wp-json\/wp\/v2\/comments?post=38541"}],"version-history":[{"count":0,"href":"https:\/\/rdnews.al\/index.php\/wp-json\/wp\/v2\/posts\/38541\/revisions"}],"wp:featuredmedia":[{"embeddable":true,"href":"https:\/\/rdnews.al\/index.php\/wp-json\/wp\/v2\/media\/33861"}],"wp:attachment":[{"href":"https:\/\/rdnews.al\/index.php\/wp-json\/wp\/v2\/media?parent=38541"}],"wp:term":[{"taxonomy":"category","embeddable":true,"href":"https:\/\/rdnews.al\/index.php\/wp-json\/wp\/v2\/categories?post=38541"},{"taxonomy":"post_tag","embeddable":true,"href":"https:\/\/rdnews.al\/index.php\/wp-json\/wp\/v2\/tags?post=38541"}],"curies":[{"name":"wp","href":"https:\/\/api.w.org\/{rel}","templated":true}]}}