{"id":38644,"date":"2023-02-27T09:58:39","date_gmt":"2023-02-27T09:58:39","guid":{"rendered":"https:\/\/rdnews.al\/?p=38644"},"modified":"2023-02-27T10:30:23","modified_gmt":"2023-02-27T10:30:23","slug":"cfare-e-lidh-ramen-me-kompanine-e-kinezeve-te-duckes-ne-2014-e-shetiten-me-carter","status":"publish","type":"post","link":"https:\/\/rdnews.al\/index.php\/2023\/02\/27\/cfare-e-lidh-ramen-me-kompanine-e-kinezeve-te-duckes-ne-2014-e-shetiten-me-carter\/","title":{"rendered":"\u00c7far\u00eb e lidh Ram\u00ebn me kompanin\u00eb e kinez\u00ebve t\u00eb Du\u00e7k\u00ebs, n\u00eb 2014 e sh\u00ebtit\u00ebn me \u00e7arter\u00a0"},"content":{"rendered":"<p>Kryeministri Edi Rama dhe konglomerati kinez i energjis\u00eb, CEFC, dyshohet t\u00eb ken\u00eb nisur raportin e tyre m\u00eb her\u00ebt se \u00e7elja e ekspozit\u00ebs n\u00eb Hong Kong. <strong>Dosja.al<\/strong>\u00a0siguron materiale t\u00eb tjera t\u00eb cilat i m\u00ebshojn\u00eb akoma m\u00eb shum\u00eb marr\u00ebdh\u00ebnies s\u00eb hershme t\u00eb Ram\u00ebs me kinez\u00ebt, e duke v\u00ebn\u00eb n\u00eb pik\u00ebpyetje raportin me k\u00ebshilltarin Dorian Du\u00e7ka.<\/p>\n<p>&#8216;<strong>Dosja.al<\/strong>&#8216; siguron foto nga viti 2014, ku kryeministri Rama zbret nga nj\u00eb \u00e7arter i konglomeratit kinez, CEFC. N\u00eb pamje dallohet qart\u00eb mik\u00ebpritja q\u00eb i b\u00ebhet kryeministrit ton\u00eb, madje nuk mungojn\u00eb as lulet.<\/p>\n<p><em>Po \u00e7far\u00eb e lidh Ram\u00ebn kaq shum\u00eb me k\u00ebt\u00eb kompani, e cila i sponsorizon udh\u00ebtimet shtet\u00ebrore dhe ekspozitat private?<\/em><\/p>\n<p>Ju sjellim n\u00eb kujtes\u00eb, se pran\u00eb k\u00ebsaj kompanie u pun\u00ebsua Dorian Du\u00e7ka i cili rezulton n\u00eb akt akuz\u00ebn e FBI si personi B, q\u00eb bashk\u00eb me Agron Nez\u00ebn dhan\u00eb informacione p\u00ebr nisjen e hetimit p\u00ebr lobimin e PD p\u00ebrmes Nick Muzin.<\/p>\n<p>N\u00eb Shqip\u00ebri, Dorian Du\u00e7ka \u00ebsht\u00eb n\u00eb qend\u00ebr t\u00eb diskutimeve p\u00ebr nj\u00eb tjet\u00ebr \u00e7\u00ebshtje, at\u00eb t\u00eb nd\u00ebrhyrjes te ish-shefi i kund\u00ebrzbulimit t\u00eb FBI, Charles McGonigal p\u00ebr t\u00eb nisur nj\u00eb hetim ndaj opozit\u00ebs me informacione q\u00eb vinin nga Shqip\u00ebria. N\u00eb akt-akuz\u00eb, Du\u00e7ka p\u00ebrshkruhet si personi B, nj\u00eb njeri i pun\u00ebsuar n\u00eb qeverin\u00eb shqiptare. Vet\u00eb kryeministri Edi Rama ka th\u00ebn\u00eb se Du\u00e7ka punonte si k\u00ebshilltar i Jasht\u00ebm pa pages\u00eb, nd\u00ebrsa ka mohuar q\u00eb ai t\u00eb ket\u00eb paguar n\u00eb em\u00ebr t\u00eb qeveris\u00eb shqiptare agjentin e FBI.\/Dosja.al<\/p>\n","protected":false},"excerpt":{"rendered":"<p>Kryeministri Edi Rama dhe konglomerati kinez i energjis\u00eb, CEFC, dyshohet t\u00eb ken\u00eb nisur raportin e tyre m\u00eb her\u00ebt se \u00e7elja e ekspozit\u00ebs n\u00eb Hong Kong. Dosja.al\u00a0siguron materiale t\u00eb tjera t\u00eb cilat i m\u00ebshojn\u00eb akoma m\u00eb shum\u00eb marr\u00ebdh\u00ebnies s\u00eb hershme t\u00eb Ram\u00ebs me kinez\u00ebt, e duke v\u00ebn\u00eb n\u00eb pik\u00ebpyetje raportin me k\u00ebshilltarin Dorian Du\u00e7ka. &#8216;Dosja.al&#8216; siguron &hellip;<\/p>\n","protected":false},"author":4,"featured_media":38645,"comment_status":"open","ping_status":"open","sticky":false,"template":"","format":"standard","meta":{"footnotes":""},"categories":[40],"tags":[],"class_list":["post-38644","post","type-post","status-publish","format-standard","has-post-thumbnail","","category-aktualitet"],"_links":{"self":[{"href":"https:\/\/rdnews.al\/index.php\/wp-json\/wp\/v2\/posts\/38644","targetHints":{"allow":["GET"]}}],"collection":[{"href":"https:\/\/rdnews.al\/index.php\/wp-json\/wp\/v2\/posts"}],"about":[{"href":"https:\/\/rdnews.al\/index.php\/wp-json\/wp\/v2\/types\/post"}],"author":[{"embeddable":true,"href":"https:\/\/rdnews.al\/index.php\/wp-json\/wp\/v2\/users\/4"}],"replies":[{"embeddable":true,"href":"https:\/\/rdnews.al\/index.php\/wp-json\/wp\/v2\/comments?post=38644"}],"version-history":[{"count":0,"href":"https:\/\/rdnews.al\/index.php\/wp-json\/wp\/v2\/posts\/38644\/revisions"}],"wp:featuredmedia":[{"embeddable":true,"href":"https:\/\/rdnews.al\/index.php\/wp-json\/wp\/v2\/media\/38645"}],"wp:attachment":[{"href":"https:\/\/rdnews.al\/index.php\/wp-json\/wp\/v2\/media?parent=38644"}],"wp:term":[{"taxonomy":"category","embeddable":true,"href":"https:\/\/rdnews.al\/index.php\/wp-json\/wp\/v2\/categories?post=38644"},{"taxonomy":"post_tag","embeddable":true,"href":"https:\/\/rdnews.al\/index.php\/wp-json\/wp\/v2\/tags?post=38644"}],"curies":[{"name":"wp","href":"https:\/\/api.w.org\/{rel}","templated":true}]}}