{"id":39094,"date":"2023-03-03T10:43:30","date_gmt":"2023-03-03T10:43:30","guid":{"rendered":"https:\/\/rdnews.al\/?p=39094"},"modified":"2023-03-03T11:10:24","modified_gmt":"2023-03-03T11:10:24","slug":"vendimi-per-vulen-e-pd-boci-drejtesia-te-vendose-drejtesi-brenda-saj","status":"publish","type":"post","link":"https:\/\/rdnews.al\/index.php\/2023\/03\/03\/vendimi-per-vulen-e-pd-boci-drejtesia-te-vendose-drejtesi-brenda-saj\/","title":{"rendered":"Vendimi p\u00ebr vul\u00ebn e PD, Bo\u00e7i: Drejt\u00ebsia t\u00eb vendos\u00eb drejt\u00ebsi brenda saj!"},"content":{"rendered":"<p>Kryetari i Grupit parlamentar t\u00eb PD, Lu\u00e7iano Bo\u00e7i, duke pritur p\u00ebrpara Gjykat\u00ebs s\u00eb Apelit vendimin p\u00ebr vul\u00ebn dhe logon e PD-s\u00eb, deklaroi\u00a0p\u00ebr\u00a0SYRI TV sot se ai pret n\u00eb radh\u00eb t\u00eb par\u00eb q\u00eb\u00a0drejt\u00ebsia t\u00eb vendos\u00eb drejt\u00ebsi brenda saj.<\/p>\n<p><strong>Pyetje: Z Bo\u00e7i, si e komentoni faktin q\u00eb p\u00ebrfaq\u00ebsues t\u00eb amabasad\u00ebs amerikane jan\u00eb n\u00eb Gjykat\u00ebn e Apelit, atje ku pritet t\u00eb merret nj\u00eb vendim p\u00ebr vul\u00ebn e PD?<\/strong><\/p>\n<p><strong>Lu\u00e7iano Bo\u00e7i:<\/strong>\u00a0Si arsyetoj?! Nuk kam ndonj\u00eb opinion. K\u00ebto jan\u00eb veprime t\u00eb karakterit kuazidiplomatik, q\u00eb vendosen nga vet\u00eb ambasada se si do t\u00eb realizohen dhe si do t\u00eb performohen. N\u00eb bindjen time sot nuk kemi nj\u00eb seanc\u00eb gjyq\u00ebsore sepse ne kemi dh\u00ebn\u00eb argumentat, ka nj\u00eb vendim t\u00eb Gjykat\u00ebs s\u00eb Faktit p\u00ebr regjistrimin e ndryshimeve statusore nga Kuvendi i PD, i thirrur nga an\u00ebtar\u00ebt e Kuvendit dhe ato regjistrime, ato vendime, vendimi i Gjykat\u00ebs s\u00eb Shkall\u00ebs s\u00eb par\u00eb tashm\u00eb duhet t\u00eb ishte b\u00ebr\u00eb dhe KQZ duhet t\u00eb kishte vepruar me regjistrimin e ndryshimeve dhe t\u00eb logos s\u00eb PD dhe t\u00eb regjistrimit t\u00eb PD si subjekt zgjedhor. Pjesa e k\u00ebsaj shfaqjeje n\u00eb emrin \u201cvendim apeli\u201d p\u00ebr mua \u00ebsht\u00eb e kot\u00eb.<\/p>\n<p><strong>Pyetje: \u00c7far\u00eb pret PD nga Gjykata e Apelit sot?<\/strong><\/p>\n<p><strong>Lu\u00e7iano Bo\u00e7i:<\/strong> T\u00eb pres\u00ebsh nga nj\u00eb ankimim i cili nuk ekziston, m\u00eb duket nj\u00eb gj\u00eb jo e drejt\u00eb, jo e sakt\u00eb dhe un\u00eb them se \u00e7far\u00eb pres, se p\u00ebrderisa nuk duhet t\u00eb kishte ankimim n\u00eb Apel se nuk ka pal\u00eb, do t\u00eb thot\u00eb se \u00e7\u00ebshtja nuk ekziston. Dhe un\u00eb shpresoj &#8211; jo \u00e7far\u00eb pres n\u00eb raport me PD, un\u00eb pres q\u00eb drejt\u00ebsia t\u00eb vendos\u00eb drejt\u00ebsi brenda saj n\u00eb radh\u00eb t\u00eb par\u00eb dhe t\u00eb sillet n\u00eb at\u00eb lloj forme p\u00ebr t\u00eb dh\u00ebn\u00eb dhe nj\u00eb m\u00ebsim drejt\u00ebsie. Nuk ka nj\u00eb \u00e7\u00ebshtje. Pse duhet ne t\u00eb japim opinione p\u00ebr nj\u00eb \u00e7\u00ebshtje q\u00eb nuk ekziston?! Vendimi \u00ebsht\u00eb marr\u00eb n\u00eb \u201cshkall\u00ebn e par\u00eb\u201d dhe ndryshimet e k\u00ebrkuara nga Kuvendi i PD duhet t\u00eb ishin tashm\u00eb t\u00eb regjistruara. Duhet t\u00eb ket\u00eb nj\u00eb revolt\u00eb t\u00eb drejt\u00ebsis\u00eb pse nuk \u00ebsht\u00eb regjistruar nga nj\u00eb kancelar, nga nj\u00eb administrator q\u00eb merr urdhra politik\u00eb nga Kryeministri i Shqip\u00ebris\u00eb?<\/p>\n<p><strong>Si e vler\u00ebsoni pranin\u00eb e p\u00ebrfaq\u00ebsuesve t\u00eb ambasad\u00ebs s\u00eb SHBA?<\/strong><\/p>\n<p><strong>Lu\u00e7iano Bo\u00e7i:<\/strong> Ka nj\u00eb iniciativ\u00eb t\u00eb nd\u00ebrkomb\u00ebtar\u00ebve dhe nj\u00eb investim t\u00eb tyre p\u00ebr t\u00eb kryer reform\u00ebn n\u00eb drejt\u00ebsi dhe v\u00ebmendja e tyre n\u00eb raste t\u00eb tilla \u00ebsht\u00eb p\u00ebr t\u00eb marr\u00eb \u201cfeedback\u201d e asaj \u00e7\u2019kan\u00eb investuar, por ai rezultati duket qart\u00eb. Un\u00eb e thash\u00eb shum\u00eb qart\u00eb. P\u00ebrderisa nuk duhej t\u00eb ishte nj\u00eb \u00e7\u00ebshtje e till\u00eb n\u00eb Apel, \u00e7\u00ebshtja \u00ebsht\u00eb e d\u00ebshtuar q\u00eb n\u00eb fillimet e saj dhe dyshimet p\u00ebr rezultatet e k\u00ebsaj reform\u00ebs krahas vendimeve t\u00eb tjera, un\u00eb them se transmetohen n\u00ebp\u00ebrmjet k\u00ebsaj seance n\u00eb Apel, q\u00eb e p\u00ebrs\u00ebris, nuk duhet t\u00eb ekzistonte, nuk ka pal\u00eb dhe nuk ka nj\u00eb \u00e7\u00ebshtje p\u00ebr t\u2019u d\u00ebrguar n\u00eb Apel!<\/p>\n","protected":false},"excerpt":{"rendered":"<p>Kryetari i Grupit parlamentar t\u00eb PD, Lu\u00e7iano Bo\u00e7i, duke pritur p\u00ebrpara Gjykat\u00ebs s\u00eb Apelit vendimin p\u00ebr vul\u00ebn dhe logon e PD-s\u00eb, deklaroi\u00a0p\u00ebr\u00a0SYRI TV sot se ai pret n\u00eb radh\u00eb t\u00eb par\u00eb q\u00eb\u00a0drejt\u00ebsia t\u00eb vendos\u00eb drejt\u00ebsi brenda saj. Pyetje: Z Bo\u00e7i, si e komentoni faktin q\u00eb p\u00ebrfaq\u00ebsues t\u00eb amabasad\u00ebs amerikane jan\u00eb n\u00eb Gjykat\u00ebn e Apelit, atje &hellip;<\/p>\n","protected":false},"author":4,"featured_media":0,"comment_status":"open","ping_status":"open","sticky":false,"template":"","format":"standard","meta":{"footnotes":""},"categories":[37],"tags":[],"class_list":["post-39094","post","type-post","status-publish","format-standard","","category-politike"],"_links":{"self":[{"href":"https:\/\/rdnews.al\/index.php\/wp-json\/wp\/v2\/posts\/39094","targetHints":{"allow":["GET"]}}],"collection":[{"href":"https:\/\/rdnews.al\/index.php\/wp-json\/wp\/v2\/posts"}],"about":[{"href":"https:\/\/rdnews.al\/index.php\/wp-json\/wp\/v2\/types\/post"}],"author":[{"embeddable":true,"href":"https:\/\/rdnews.al\/index.php\/wp-json\/wp\/v2\/users\/4"}],"replies":[{"embeddable":true,"href":"https:\/\/rdnews.al\/index.php\/wp-json\/wp\/v2\/comments?post=39094"}],"version-history":[{"count":0,"href":"https:\/\/rdnews.al\/index.php\/wp-json\/wp\/v2\/posts\/39094\/revisions"}],"wp:attachment":[{"href":"https:\/\/rdnews.al\/index.php\/wp-json\/wp\/v2\/media?parent=39094"}],"wp:term":[{"taxonomy":"category","embeddable":true,"href":"https:\/\/rdnews.al\/index.php\/wp-json\/wp\/v2\/categories?post=39094"},{"taxonomy":"post_tag","embeddable":true,"href":"https:\/\/rdnews.al\/index.php\/wp-json\/wp\/v2\/tags?post=39094"}],"curies":[{"name":"wp","href":"https:\/\/api.w.org\/{rel}","templated":true}]}}