{"id":39136,"date":"2023-03-03T12:53:04","date_gmt":"2023-03-03T12:53:04","guid":{"rendered":"https:\/\/rdnews.al\/?p=39136"},"modified":"2023-03-03T12:53:04","modified_gmt":"2023-03-03T12:53:04","slug":"berisha-rama-mendon-se-do-na-perjashtoje-nga-zgjedhjet-ne-do-ta-perjashtojme-nga-shqiperia","status":"publish","type":"post","link":"https:\/\/rdnews.al\/index.php\/2023\/03\/03\/berisha-rama-mendon-se-do-na-perjashtoje-nga-zgjedhjet-ne-do-ta-perjashtojme-nga-shqiperia\/","title":{"rendered":"Berisha: Rama mendon se do na p\u00ebrjashtoj\u00eb nga zgjedhjet. Ne do ta p\u00ebrjashtojm\u00eb nga Shqip\u00ebria!"},"content":{"rendered":"<p>Kryetari i PD, Sali Berisha tha se, Rama mendon se do na p\u00ebrjashtoj\u00eb nga zgjedhjet, por ne do ta p\u00ebrjashtojm\u00eb at\u00eb nga Shqip\u00ebria! Berisha tha se, revolucioni ka misionin e madh t\u00eb demokracis\u00eb, liris\u00eb dhe shp\u00ebtimit t\u00eb shqiptar\u00ebve.<\/p>\n<p>\u201cNuk \u00ebsht\u00eb vjedhja e parave problemi m\u00eb i madh i k\u00ebtij hajduti t\u00eb pap\u00ebrmbajtur.<\/p>\n<p>Vjedhja e t\u00eb ardhmes ton\u00eb \u00ebsht\u00eb akti i tij m\u00eb makab\u00ebr. N\u00eb 8 vite, 35 p\u00ebrqind e shqiptar\u00ebve u larguan nga Shqip\u00ebria.<\/p>\n<p>N\u00eb 8 vite, secili prej nesh kemi humbur nj\u00eb t\u00eb tret\u00ebn e t\u00eb dashurve tan\u00eb n\u00eb dhera t\u00eb tjera.<\/p>\n<p>Me k\u00ebto ritme, Shqip\u00ebria shkon drejt shuarjes dhe zhdukjes. Dhe ky mendon se do jetoj\u00eb diku n\u00eb Karaibe apo n\u00eb ishujt e nxeht\u00eb t\u00eb Oqeanit Indian.<\/p>\n<p>Ne jemi k\u00ebtu p\u00ebr t\u2019i th\u00ebn\u00eb: Edi Rama, sot ke para, ke banka, ke \u00e7do gj\u00eb. Por me asgj\u00eb nuk mund t\u00eb mposht\u00ebsh idealet e k\u00ebtyre qytetar\u00ebve.<\/p>\n<p>Me asgj\u00eb nuk mund t\u00eb mposht\u00ebsh idealet e k\u00ebtij revolucioni.<\/p>\n<p>Sot, pasi asgj\u00ebsoi PS-n\u00eb, i hoqi t\u00eb drejtat, vot\u00ebn dhe \u00e7do gj\u00eb. E uzurpoi me sektin antishqiptar t\u00eb Rilindjes, ai k\u00ebrkon t\u00eb asgj\u00ebsoj\u00eb PD-n\u00eb.<\/p>\n<p>Mendon dhe beson se do na p\u00ebrjashtoj\u00eb nga zgjedhjet. Edi Rama, ne do t\u00eb p\u00ebrjashtojm\u00eb nga Shqip\u00ebria!<\/p>\n<p>Ne jemi k\u00ebtu sa \u00ebsht\u00eb toka. Revolucioni ka misionin e madh t\u00eb demokracis\u00eb, liris\u00eb dhe shp\u00ebtimit t\u00eb shqiptar\u00ebve.<\/p>\n<p>Ndaj, shfryt\u00ebzoj rastin t\u2019i b\u00ebj thirrje \u00e7do t\u00eb riu: bashkohuni me k\u00ebt\u00eb revolucion.<\/p>\n<p>Revolucionet i b\u00ebjn\u00eb t\u00eb rinjt\u00eb, idealet e t\u00eb rinjve, guximi i t\u00eb rinjve, i b\u00ebn ata t\u00eb pathyesh\u00ebm para asgj\u00ebje.<\/p>\n<p>Luftoni p\u00ebr veten, p\u00ebr t\u00eb ardhmen tuaj, p\u00ebr vendin tuaj\u201d, tha Berisha.<\/p>\n","protected":false},"excerpt":{"rendered":"<p>Kryetari i PD, Sali Berisha tha se, Rama mendon se do na p\u00ebrjashtoj\u00eb nga zgjedhjet, por ne do ta p\u00ebrjashtojm\u00eb at\u00eb nga Shqip\u00ebria! Berisha tha se, revolucioni ka misionin e madh t\u00eb demokracis\u00eb, liris\u00eb dhe shp\u00ebtimit t\u00eb shqiptar\u00ebve. \u201cNuk \u00ebsht\u00eb vjedhja e parave problemi m\u00eb i madh i k\u00ebtij hajduti t\u00eb pap\u00ebrmbajtur. Vjedhja e t\u00eb &hellip;<\/p>\n","protected":false},"author":4,"featured_media":39137,"comment_status":"open","ping_status":"open","sticky":false,"template":"","format":"standard","meta":{"footnotes":""},"categories":[37],"tags":[],"class_list":["post-39136","post","type-post","status-publish","format-standard","has-post-thumbnail","","category-politike"],"_links":{"self":[{"href":"https:\/\/rdnews.al\/index.php\/wp-json\/wp\/v2\/posts\/39136","targetHints":{"allow":["GET"]}}],"collection":[{"href":"https:\/\/rdnews.al\/index.php\/wp-json\/wp\/v2\/posts"}],"about":[{"href":"https:\/\/rdnews.al\/index.php\/wp-json\/wp\/v2\/types\/post"}],"author":[{"embeddable":true,"href":"https:\/\/rdnews.al\/index.php\/wp-json\/wp\/v2\/users\/4"}],"replies":[{"embeddable":true,"href":"https:\/\/rdnews.al\/index.php\/wp-json\/wp\/v2\/comments?post=39136"}],"version-history":[{"count":0,"href":"https:\/\/rdnews.al\/index.php\/wp-json\/wp\/v2\/posts\/39136\/revisions"}],"wp:featuredmedia":[{"embeddable":true,"href":"https:\/\/rdnews.al\/index.php\/wp-json\/wp\/v2\/media\/39137"}],"wp:attachment":[{"href":"https:\/\/rdnews.al\/index.php\/wp-json\/wp\/v2\/media?parent=39136"}],"wp:term":[{"taxonomy":"category","embeddable":true,"href":"https:\/\/rdnews.al\/index.php\/wp-json\/wp\/v2\/categories?post=39136"},{"taxonomy":"post_tag","embeddable":true,"href":"https:\/\/rdnews.al\/index.php\/wp-json\/wp\/v2\/tags?post=39136"}],"curies":[{"name":"wp","href":"https:\/\/api.w.org\/{rel}","templated":true}]}}