{"id":40331,"date":"2023-03-14T12:06:35","date_gmt":"2023-03-14T12:06:35","guid":{"rendered":"https:\/\/rdnews.al\/?p=40331"},"modified":"2023-03-14T12:06:35","modified_gmt":"2023-03-14T12:06:35","slug":"skandali-rama-nuk-lejon-regjistrimin-ne-zgjedhje-te-asnje-force-politike-qe-i-merr-vota","status":"publish","type":"post","link":"https:\/\/rdnews.al\/index.php\/2023\/03\/14\/skandali-rama-nuk-lejon-regjistrimin-ne-zgjedhje-te-asnje-force-politike-qe-i-merr-vota\/","title":{"rendered":"Skandali\/Rama nuk lejon regjistrimin n\u00eb zgjedhje t\u00eb asnj\u00eb force politike q\u00eb i merr vota"},"content":{"rendered":"<p>Komisioni i Ankimimeve dhe Sanksioneve ka rr\u00ebzuar ankimimin e L\u00ebvizjes Bashk\u00eb p\u00ebr regjistrimin n\u00eb zgjedhjet lokale t\u00eb 14 majit. Vendimi \u00ebsht\u00eb marr\u00eb me shumic\u00eb votash. N\u00eb mbledhjen e zhvilluar dit\u00ebn e sotme, pal\u00ebt paraqit\u00ebn argumentet e tyre, por KAS vendosi t\u00eb rr\u00ebzoj\u00eb ankimimin. Kujtojm\u00eb se m\u00eb her\u00ebt, KAS nuk pranoi ankimimet e Sali Berish\u00ebs dhe Enkelejd Alibeajt p\u00ebr regjistrimin n\u00eb zgjedhje, nd\u00ebrsa sot Ilirjan Celibashi do t\u00eb vendos\u00eb n\u00ebse PD e grupimit t\u00eb Alibeajt do t\u00eb jet\u00eb subjekt zgjedhor m\u00eb 14 maj.<\/p>\n","protected":false},"excerpt":{"rendered":"<p>Komisioni i Ankimimeve dhe Sanksioneve ka rr\u00ebzuar ankimimin e L\u00ebvizjes Bashk\u00eb p\u00ebr regjistrimin n\u00eb zgjedhjet lokale t\u00eb 14 majit. Vendimi \u00ebsht\u00eb marr\u00eb me shumic\u00eb votash. N\u00eb mbledhjen e zhvilluar dit\u00ebn e sotme, pal\u00ebt paraqit\u00ebn argumentet e tyre, por KAS vendosi t\u00eb rr\u00ebzoj\u00eb ankimimin. Kujtojm\u00eb se m\u00eb her\u00ebt, KAS nuk pranoi ankimimet e Sali Berish\u00ebs dhe &hellip;<\/p>\n","protected":false},"author":4,"featured_media":0,"comment_status":"open","ping_status":"open","sticky":false,"template":"","format":"standard","meta":{"footnotes":""},"categories":[37],"tags":[],"class_list":["post-40331","post","type-post","status-publish","format-standard","","category-politike"],"_links":{"self":[{"href":"https:\/\/rdnews.al\/index.php\/wp-json\/wp\/v2\/posts\/40331","targetHints":{"allow":["GET"]}}],"collection":[{"href":"https:\/\/rdnews.al\/index.php\/wp-json\/wp\/v2\/posts"}],"about":[{"href":"https:\/\/rdnews.al\/index.php\/wp-json\/wp\/v2\/types\/post"}],"author":[{"embeddable":true,"href":"https:\/\/rdnews.al\/index.php\/wp-json\/wp\/v2\/users\/4"}],"replies":[{"embeddable":true,"href":"https:\/\/rdnews.al\/index.php\/wp-json\/wp\/v2\/comments?post=40331"}],"version-history":[{"count":0,"href":"https:\/\/rdnews.al\/index.php\/wp-json\/wp\/v2\/posts\/40331\/revisions"}],"wp:attachment":[{"href":"https:\/\/rdnews.al\/index.php\/wp-json\/wp\/v2\/media?parent=40331"}],"wp:term":[{"taxonomy":"category","embeddable":true,"href":"https:\/\/rdnews.al\/index.php\/wp-json\/wp\/v2\/categories?post=40331"},{"taxonomy":"post_tag","embeddable":true,"href":"https:\/\/rdnews.al\/index.php\/wp-json\/wp\/v2\/tags?post=40331"}],"curies":[{"name":"wp","href":"https:\/\/api.w.org\/{rel}","templated":true}]}}