{"id":40691,"date":"2023-03-17T11:35:39","date_gmt":"2023-03-17T11:35:39","guid":{"rendered":"https:\/\/rdnews.al\/?p=40691"},"modified":"2023-03-17T11:35:39","modified_gmt":"2023-03-17T11:35:39","slug":"berisha-rama-procedura-joligjore-kontrolli-kunder-ahmetajt-vetem-pse-e-kercenoi","status":"publish","type":"post","link":"https:\/\/rdnews.al\/index.php\/2023\/03\/17\/berisha-rama-procedura-joligjore-kontrolli-kunder-ahmetajt-vetem-pse-e-kercenoi\/","title":{"rendered":"Berisha: Rama, procedura joligjore kontrolli kund\u00ebr Ahmetajt vet\u00ebm pse e k\u00ebrc\u00ebnoi"},"content":{"rendered":"<p>Kryetari i PD, Sali Berisha tha se, Rama ka ndjekur procedura joligjore kontrolli kund\u00ebr Ahmetajt vet\u00ebm pse e k\u00ebrc\u00ebnoi. Ai tha se, e kam denoncuar me qindra her\u00eb Ahmetajn, por ndaj atij dhe askujt tjet\u00ebr, procedura joligjore nuk mund t\u00eb p\u00ebrdoret, vet\u00ebm e vet\u00ebm pse k\u00ebrc\u00ebnoi Edi Ram\u00ebn.<br \/>\n\u201cKa nj\u00eb analogji me kontrollin q\u00eb u b\u00eb te partnerja dhe ish-bashk\u00ebshortja e Ahmetajt.<br \/>\nOrganet ligjzbatuese kan\u00eb t\u00eb drejt\u00eb t\u00eb kontrollojn\u00eb n\u00eb \u00e7do rast, por kurr\u00eb n\u00eb kund\u00ebrshtim me procedur\u00ebn ligjore.<br \/>\nE kam denoncuar me qindra her\u00eb Ahmetajn, por ndaj atij dhe askujt tjet\u00ebr, procedura joligjore nuk mund t\u00eb p\u00ebrdoret, vet\u00ebm e vet\u00ebm pse k\u00ebrc\u00ebnoi Edi Ram\u00ebn.<br \/>\nE k\u00ebrc\u00ebnoi Ram\u00ebn, i tha se ti je ai q\u00eb ka mbledhur 17 firma p\u00ebr 24 or\u00eb, se un\u00eb si minist\u00ebr nuk e b\u00ebja kurr\u00eb.<br \/>\nK\u00ebrc\u00ebnoi Don Aga\u00e7ion, k\u00ebrc\u00ebnoi Erion Veliajn dhe tani nuk merret me thelbin, por b\u00ebjn\u00eb kontrolle pa autorizime. T\u00eb turpshme, kontrolle policeske t\u00eb d\u00ebnueshme.<br \/>\nRama mendoi se me k\u00ebt\u00eb lajm do mund t\u00eb eklipsonte lajmin p\u00ebr Olsi Ram\u00ebn dhe Amant Josifin, mendoi se do eklipsonte shkrimet e tjera dhe tha se fajin e ka vibratori.<br \/>\nKy njeri nuk ngurron t\u00eb p\u00ebrdor\u00eb \u00e7do lloj mjeti n\u00eb propagand\u00ebn e tij vulgare p\u00ebr t\u00eb mbrojtur veten e tij.<br \/>\nNdaj duke d\u00ebnuar q\u00ebndrimet prej gangster\u00ebve p\u00ebr kontrollet pa autorizim, d\u00ebnoj edhe q\u00ebndrimin q\u00eb nuk guxojn\u00eb t\u00eb prekin Arben Ahmetaj, se p\u00ebrfundojn\u00eb m\u00eb keq se ai\u201d, tha Berisha.<\/p>\n","protected":false},"excerpt":{"rendered":"<p>Kryetari i PD, Sali Berisha tha se, Rama ka ndjekur procedura joligjore kontrolli kund\u00ebr Ahmetajt vet\u00ebm pse e k\u00ebrc\u00ebnoi. Ai tha se, e kam denoncuar me qindra her\u00eb Ahmetajn, por ndaj atij dhe askujt tjet\u00ebr, procedura joligjore nuk mund t\u00eb p\u00ebrdoret, vet\u00ebm e vet\u00ebm pse k\u00ebrc\u00ebnoi Edi Ram\u00ebn. \u201cKa nj\u00eb analogji me kontrollin q\u00eb u &hellip;<\/p>\n","protected":false},"author":4,"featured_media":40692,"comment_status":"open","ping_status":"open","sticky":false,"template":"","format":"standard","meta":{"footnotes":""},"categories":[37],"tags":[],"class_list":["post-40691","post","type-post","status-publish","format-standard","has-post-thumbnail","","category-politike"],"_links":{"self":[{"href":"https:\/\/rdnews.al\/index.php\/wp-json\/wp\/v2\/posts\/40691","targetHints":{"allow":["GET"]}}],"collection":[{"href":"https:\/\/rdnews.al\/index.php\/wp-json\/wp\/v2\/posts"}],"about":[{"href":"https:\/\/rdnews.al\/index.php\/wp-json\/wp\/v2\/types\/post"}],"author":[{"embeddable":true,"href":"https:\/\/rdnews.al\/index.php\/wp-json\/wp\/v2\/users\/4"}],"replies":[{"embeddable":true,"href":"https:\/\/rdnews.al\/index.php\/wp-json\/wp\/v2\/comments?post=40691"}],"version-history":[{"count":0,"href":"https:\/\/rdnews.al\/index.php\/wp-json\/wp\/v2\/posts\/40691\/revisions"}],"wp:featuredmedia":[{"embeddable":true,"href":"https:\/\/rdnews.al\/index.php\/wp-json\/wp\/v2\/media\/40692"}],"wp:attachment":[{"href":"https:\/\/rdnews.al\/index.php\/wp-json\/wp\/v2\/media?parent=40691"}],"wp:term":[{"taxonomy":"category","embeddable":true,"href":"https:\/\/rdnews.al\/index.php\/wp-json\/wp\/v2\/categories?post=40691"},{"taxonomy":"post_tag","embeddable":true,"href":"https:\/\/rdnews.al\/index.php\/wp-json\/wp\/v2\/tags?post=40691"}],"curies":[{"name":"wp","href":"https:\/\/api.w.org\/{rel}","templated":true}]}}