{"id":40785,"date":"2023-03-17T22:52:28","date_gmt":"2023-03-17T22:52:28","guid":{"rendered":"https:\/\/rdnews.al\/?p=40785"},"modified":"2023-03-17T22:52:28","modified_gmt":"2023-03-17T22:52:28","slug":"kellici-listen-e-pd-e-kryeson-ilir-alimehmeti","status":"publish","type":"post","link":"https:\/\/rdnews.al\/index.php\/2023\/03\/17\/kellici-listen-e-pd-e-kryeson-ilir-alimehmeti\/","title":{"rendered":"K\u00eblli\u00e7i: List\u00ebn e PD e kryeson Ilir Alimehmeti"},"content":{"rendered":"<p>Kandidati i Opozit\u00ebs p\u00ebr Bashkin\u00eb e Tiran\u00ebs, Belind K\u00eblli\u00e7i u shpreh n\u00eb emisionin &#8216;Publikisht&#8217; n\u00eb TVSH, se list\u00ebn e kandidat\u00ebve p\u00ebr K\u00ebshillin Bashkiak, do ta kryesoj\u00eb Ilir Alimehmeti.<\/p>\n<p>Doktori i njohur ishte rivali kryesor i Belindit n\u00eb primaret q\u00eb u zhvilluan n\u00eb dhjetorin e vitit t\u00eb shkuar, brenda PD, ku an\u00ebtar\u00ebsia u shpreh se cili do t\u00eb ishte kandidati p\u00ebr Bashkin\u00eb.<\/p>\n<p>N\u00eb primare fitoi Kelli\u00e7i me 8 mij\u00eb e 500 vota, por n\u00eb mbyllje t\u00eb gar\u00ebs, Alimehmeti qe ishte i dyti m\u00eb i mb\u00ebshteturi, vendosi ti bashkohej kandidatit zyrtar.<\/p>\n<p>Dhe prej fillimit t\u00eb gar\u00ebs p\u00ebr Bashkin\u00eb, K\u00eblli\u00e7i dhe Alimehmeti jan\u00eb bashk\u00eb n\u00eb shum\u00eb takime dhe aktivitete.<\/p>\n<p>Sipas Belindit, ky \u00ebsht\u00eb nj\u00eb moment bashkimi p\u00ebr demokrat\u00ebt dhe ai dhe Alimehmeti kan\u00eb dh\u00ebn\u00eb shembullin e tyre dometh\u00ebn\u00ebs.<br \/>\n[17\/03, 9:50 pm] Silvi PD: \u2022 K\u00eblli\u00e7i: Parkimi shum\u00eb i shtrenjt\u00eb n\u00eb Tiran\u00eb, afer\u00eb korruptive<\/p>\n<p>Kandidati i Opozit\u00ebs p\u00ebr Bashkin\u00eb e Tiran\u00ebs Belind Kelli\u00e7i u shpreh n\u00eb emisionin &#8216;Publikisht&#8217; n\u00eb TVSH se tarifat e parkingut n\u00eb Tiran\u00eb jan\u00eb shum\u00eb t\u00eb shtrenjta, dhe t\u00eb pap\u00ebrballueshme p\u00ebr qytetar\u00ebt.<\/p>\n<p>Dhe sidomos p\u00ebr n\u00ebpun\u00ebsit, q\u00eb detyrohen shpesh ta l\u00ebn\u00eb makin\u00ebn per gjith\u00eb dit\u00ebn, kundrejt kostos me 2 mij\u00eb lek\u00eb or\u00ebn.<\/p>\n<p>K\u00eblli\u00e7i deklaroi se ka k\u00ebrkuar zyrtarisht informacion, si deputet q\u00eb e ka ende mandatin, se p\u00ebrse jan\u00eb k\u00ebto tarifa dhe ku shkojn\u00eb k\u00ebto para q\u00eb mbledh Bashkia.<\/p>\n<p>Kandidati i PD tha se edhe tarifat q\u00eb merren p\u00ebr parkimin p\u00ebrmes mesazheve telefonike, jan\u00eb shum\u00eb t\u00eb larta.<\/p>\n<p>Por, shtoi ai, edhe pse thuhet se k\u00ebto pagesa shkojn\u00eb p\u00ebr gjelb\u00ebrimin e qytetit, nuk dihet se cili \u00ebsht\u00eb rezultati.<\/p>\n<p>Ku \u00ebsht\u00eb ky gjelb\u00ebrim? Ngriti pyetjen K\u00eblli\u00e7i, duke shtuar se kemi t\u00eb b\u00ebjm\u00eb vet\u00ebm me nj\u00eb afer\u00eb korruptive q\u00eb i r\u00ebndon njer\u00ebzve.<\/p>\n<p>Transparenca \u00ebsht\u00eb e domosdoshme dhe do t\u00eb b\u00eahet, theksoi K\u00eblli\u00e7i, p\u00ebr miliona euro taksa q\u00eb Bashkia mbledh \u00e7do vit, ku nj\u00eb pjes\u00eb e konsiderueshme e tyre p\u00ebrdoren p\u00ebr paga dhe favore elektorale e financiare.<\/p>\n<p>&nbsp;<\/p>\n","protected":false},"excerpt":{"rendered":"<p>Kandidati i Opozit\u00ebs p\u00ebr Bashkin\u00eb e Tiran\u00ebs, Belind K\u00eblli\u00e7i u shpreh n\u00eb emisionin &#8216;Publikisht&#8217; n\u00eb TVSH, se list\u00ebn e kandidat\u00ebve p\u00ebr K\u00ebshillin Bashkiak, do ta kryesoj\u00eb Ilir Alimehmeti. Doktori i njohur ishte rivali kryesor i Belindit n\u00eb primaret q\u00eb u zhvilluan n\u00eb dhjetorin e vitit t\u00eb shkuar, brenda PD, ku an\u00ebtar\u00ebsia u shpreh se cili &hellip;<\/p>\n","protected":false},"author":4,"featured_media":40786,"comment_status":"open","ping_status":"open","sticky":false,"template":"","format":"standard","meta":{"footnotes":""},"categories":[37],"tags":[],"class_list":["post-40785","post","type-post","status-publish","format-standard","has-post-thumbnail","","category-politike"],"_links":{"self":[{"href":"https:\/\/rdnews.al\/index.php\/wp-json\/wp\/v2\/posts\/40785","targetHints":{"allow":["GET"]}}],"collection":[{"href":"https:\/\/rdnews.al\/index.php\/wp-json\/wp\/v2\/posts"}],"about":[{"href":"https:\/\/rdnews.al\/index.php\/wp-json\/wp\/v2\/types\/post"}],"author":[{"embeddable":true,"href":"https:\/\/rdnews.al\/index.php\/wp-json\/wp\/v2\/users\/4"}],"replies":[{"embeddable":true,"href":"https:\/\/rdnews.al\/index.php\/wp-json\/wp\/v2\/comments?post=40785"}],"version-history":[{"count":0,"href":"https:\/\/rdnews.al\/index.php\/wp-json\/wp\/v2\/posts\/40785\/revisions"}],"wp:featuredmedia":[{"embeddable":true,"href":"https:\/\/rdnews.al\/index.php\/wp-json\/wp\/v2\/media\/40786"}],"wp:attachment":[{"href":"https:\/\/rdnews.al\/index.php\/wp-json\/wp\/v2\/media?parent=40785"}],"wp:term":[{"taxonomy":"category","embeddable":true,"href":"https:\/\/rdnews.al\/index.php\/wp-json\/wp\/v2\/categories?post=40785"},{"taxonomy":"post_tag","embeddable":true,"href":"https:\/\/rdnews.al\/index.php\/wp-json\/wp\/v2\/tags?post=40785"}],"curies":[{"name":"wp","href":"https:\/\/api.w.org\/{rel}","templated":true}]}}