{"id":41089,"date":"2023-03-21T12:27:00","date_gmt":"2023-03-21T12:27:00","guid":{"rendered":"https:\/\/rdnews.al\/?p=41089"},"modified":"2023-03-21T12:30:14","modified_gmt":"2023-03-21T12:30:14","slug":"enkel-demi-ne-abc-news-kam-mbetur-i-vetem-trim-ne-lufte-do-u-mbetem-thumb-ne-tru","status":"publish","type":"post","link":"https:\/\/rdnews.al\/index.php\/2023\/03\/21\/enkel-demi-ne-abc-news-kam-mbetur-i-vetem-trim-ne-lufte-do-u-mbetem-thumb-ne-tru\/","title":{"rendered":"Enkel Demi: N\u00eb \u2018ABC News\u2019 kam mbetur i vet\u00ebm trim n\u00eb luft\u00eb! Do u mbetem thumb n\u00eb tru&#8230;"},"content":{"rendered":"<p>Moderatori i emisionit t\u00eb m\u00ebngjesit n\u00eb ABC News, Enkel Demi, shp\u00ebrtheu sot ndaj televizionit ky punon. Pamjet e reagimit t\u00eb Demit u b\u00ebn\u00eb virale.<\/p>\n<p>\u201cDuke nisur nga sot do shihemi nga ora tet\u00eb deri af\u00ebr dhjet\u00ebs. Jo nga d\u00ebshira jon\u00eb, por k\u00ebshtu si \u00ebsht\u00eb b\u00ebr\u00eb kjo puna e ABC-s\u00eb, shto miell dhe shto uj\u00eb, ja ku jemi.<\/p>\n<p>I urojm\u00eb gjith\u00eb t\u00eb mirat Bashkim Hoxh\u00ebs, i cili filloi sot, ishin pak surpriz\u00eb t\u00eb gjith\u00eb k\u00ebto l\u00ebvizje. Bashkimi mbetet nj\u00eb mik, tek e fundit b\u00ebn pun\u00ebn e tij.\u00a0P\u00ebr t\u00eb tjerat pastaj nuk ia vlen t\u00eb diskutojm\u00eb.<\/p>\n<p>Un\u00eb nuk kam qen\u00eb kurr\u00eb dakord p\u00ebr k\u00ebto gj\u00ebra q\u00eb kan\u00eb ndodhur n\u00eb ABC, ju e dini se kam mbetur i vet\u00ebm trim n\u00eb luft\u00eb. Nuk m\u00eb heqin nga puna, q\u00eb do t\u00eb thot\u00eb se ABC e M\u00ebngjesit do t\u00eb vazhdoj\u00eb.<\/p>\n<p>Nuk \u00ebsht\u00eb e v\u00ebrtet\u00eb q\u00eb nuk kam menduar t\u00eb iki vet\u00eb, por n\u00eb fund fare m\u2019u kujtua nj\u00eb varg i Migjenit q\u00eb thoshte: Do mbetem thumb i ngulur n\u00eb tru t\u00eb njer\u00ebzis\u00eb.\u00a0K\u00ebshtu q\u00eb edhe pes\u00eb minuta po t\u00eb m\u00eb l\u00ebn\u00eb, do dal n\u00eb televizionin ABC dhe do t\u00eb them se \u00e7far\u00eb mendoj.<\/p>\n<p>T\u00eb tjerat pastaj nuk ka nevoj\u00eb t\u2019i diskutojm\u00eb sepse ata q\u00eb kan\u00eb fantazi p\u00ebr ta b\u00ebr\u00eb k\u00ebt\u00eb televizion, si\u00e7 e shihni po e b\u00ebjn\u00eb jasht\u00ebzakonisht mir\u00eb. Sa me pun\u00eb, sa m\u00eb duar, sa me k\u00ebmb\u00eb e k\u00ebshtu me radh\u00eb,\u201d\u00a0tha Demi.<\/p>\n<p>Pamjet u shp\u00ebrndan\u00eb edhe nga gazetari Artan Hoxha, ish-i pun\u00ebsuar n\u00eb k\u00ebt\u00eb TV.<\/p>\n<p>\u201cSyri i majt\u00eb\u201d\u2026 K\u00ebsaj i thon\u00eb, t\u00eb \u201cdal\u00e7in syt\u00eb\u201d o Kel Demi\u2026\u201d, shkruan ai.<\/p>\n<p>Kujtojm\u00eb se ky televizion ka p\u00ebrfunduar n\u00eb duart e kryeministrit Edi Rama dhe po menaxhohet nga spin-doktori i tij, Endri Fuga. Sigurisht i p\u00ebrfshir\u00eb n\u00eb menaxhim \u00ebsht\u00eb edhe Sokol Balla, q\u00eb punon n\u00eb dy media t\u00eb Ram\u00ebs nj\u00ebkoh\u00ebsisht.<\/p>\n<div class=\"readmore-text-here\">\n<p>\u00a0spin-doktori i tij, Endri Fuga.\u00a0Sigurisht i p\u00ebrfshir\u00eb n\u00eb menaxhim \u00ebsht\u00eb edhe Sokol Balla, q\u00eb punon n\u00eb dy media t\u00eb Ram\u00ebs nj\u00ebkoh\u00ebsisht.<\/p>\n<p><iframe loading=\"lazy\" src=\"https:\/\/www.facebook.com\/plugins\/video.php?height=252&amp;href=https%3A%2F%2Fwww.facebook.com%2Fartan.hoxha.900%2Fvideos%2F3922672821292302%2F&amp;show_text=false&amp;width=560&amp;t=0\" width=\"560\" height=\"252\" frameborder=\"0\" scrolling=\"no\" allowfullscreen=\"allowfullscreen\" data-mce-fragment=\"1\"><\/iframe><\/p>\n<\/div>\n<p>&nbsp;<\/p>\n","protected":false},"excerpt":{"rendered":"<p>Moderatori i emisionit t\u00eb m\u00ebngjesit n\u00eb ABC News, Enkel Demi, shp\u00ebrtheu sot ndaj televizionit ky punon. Pamjet e reagimit t\u00eb Demit u b\u00ebn\u00eb virale. \u201cDuke nisur nga sot do shihemi nga ora tet\u00eb deri af\u00ebr dhjet\u00ebs. Jo nga d\u00ebshira jon\u00eb, por k\u00ebshtu si \u00ebsht\u00eb b\u00ebr\u00eb kjo puna e ABC-s\u00eb, shto miell dhe shto uj\u00eb, ja &hellip;<\/p>\n","protected":false},"author":4,"featured_media":41090,"comment_status":"open","ping_status":"open","sticky":false,"template":"","format":"standard","meta":{"footnotes":""},"categories":[37],"tags":[],"class_list":["post-41089","post","type-post","status-publish","format-standard","has-post-thumbnail","","category-politike"],"_links":{"self":[{"href":"https:\/\/rdnews.al\/index.php\/wp-json\/wp\/v2\/posts\/41089","targetHints":{"allow":["GET"]}}],"collection":[{"href":"https:\/\/rdnews.al\/index.php\/wp-json\/wp\/v2\/posts"}],"about":[{"href":"https:\/\/rdnews.al\/index.php\/wp-json\/wp\/v2\/types\/post"}],"author":[{"embeddable":true,"href":"https:\/\/rdnews.al\/index.php\/wp-json\/wp\/v2\/users\/4"}],"replies":[{"embeddable":true,"href":"https:\/\/rdnews.al\/index.php\/wp-json\/wp\/v2\/comments?post=41089"}],"version-history":[{"count":0,"href":"https:\/\/rdnews.al\/index.php\/wp-json\/wp\/v2\/posts\/41089\/revisions"}],"wp:featuredmedia":[{"embeddable":true,"href":"https:\/\/rdnews.al\/index.php\/wp-json\/wp\/v2\/media\/41090"}],"wp:attachment":[{"href":"https:\/\/rdnews.al\/index.php\/wp-json\/wp\/v2\/media?parent=41089"}],"wp:term":[{"taxonomy":"category","embeddable":true,"href":"https:\/\/rdnews.al\/index.php\/wp-json\/wp\/v2\/categories?post=41089"},{"taxonomy":"post_tag","embeddable":true,"href":"https:\/\/rdnews.al\/index.php\/wp-json\/wp\/v2\/tags?post=41089"}],"curies":[{"name":"wp","href":"https:\/\/api.w.org\/{rel}","templated":true}]}}