{"id":41399,"date":"2023-03-24T09:56:52","date_gmt":"2023-03-24T09:56:52","guid":{"rendered":"https:\/\/rdnews.al\/?p=41399"},"modified":"2023-03-24T09:56:52","modified_gmt":"2023-03-24T09:56:52","slug":"spak-sekuestron-vilen-e-ish-gruas-se-ahmetajt-ne-palase","status":"publish","type":"post","link":"https:\/\/rdnews.al\/index.php\/2023\/03\/24\/spak-sekuestron-vilen-e-ish-gruas-se-ahmetajt-ne-palase\/","title":{"rendered":"SPAK sekuestron vil\u00ebn e ish-gruas s\u00eb Ahmetajt n\u00eb Palas\u00eb"},"content":{"rendered":"<p>SPAK\u00a0ka sekuestruar vil\u00ebn n\u00eb Palas\u00eb t\u00eb ish-bashk\u00ebshortes s\u00eb ish-ministrit Arben Ahmetajt, Albina Man\u00e7ka.\u00a0Prona do t\u00eb q\u00ebndroje n\u00eb sekuestro preventive, nd\u00ebrsa m\u00eb her\u00ebt ish-gruaja e Arben Ahmetaj, ka deklaruar se nuk \u00ebsht\u00eb pron\u00eb e saj.<\/p>\n<p>Burime b\u00ebjn\u00eb t\u00eb ditur se \u00ebsht\u00eb dera e vil\u00ebs n\u00eb Palas\u00eb \u00ebsht\u00eb hapur me forc\u00eb nga zjarrfik\u00ebsja, nd\u00ebrsa jan\u00eb sekuestruar sende personale dhe fatura.<\/p>\n<p>Vila ndodhet n\u00eb nj\u00eb kompleks rezidencial me nr. 73 dhe \u00ebsht\u00eb kontrolluar edhe m\u00eb her\u00ebt nga hetuesit e Byros\u00eb Komb\u00ebtare t\u00eb Hetimit.<\/p>\n<p>Arben Ahmetaj \u00ebsht\u00eb n\u00ebn hetim nga SPAK p\u00ebr 4 akuza.<\/p>\n<p>Ish-zv\/kryeministri, aktualisht deputet i PS-s\u00eb ka ankimuar pak dit\u00eb m\u00eb par\u00eb vendimin p\u00ebr kontrollin e banesave t\u00eb ish-gruas dhe partneres s\u00eb tij. Ahmetaj k\u00ebrkon nga Apeli i GJKKO shpalljen t\u00eb pakushtetuesh\u00ebm dhe t\u00eb paligjsh\u00ebm t\u00eb vendimit t\u00eb Gjykat\u00ebs s\u00eb Posa\u00e7me t\u00eb Shkall\u00ebs s\u00eb Par\u00eb.<\/p>\n","protected":false},"excerpt":{"rendered":"<p>SPAK\u00a0ka sekuestruar vil\u00ebn n\u00eb Palas\u00eb t\u00eb ish-bashk\u00ebshortes s\u00eb ish-ministrit Arben Ahmetajt, Albina Man\u00e7ka.\u00a0Prona do t\u00eb q\u00ebndroje n\u00eb sekuestro preventive, nd\u00ebrsa m\u00eb her\u00ebt ish-gruaja e Arben Ahmetaj, ka deklaruar se nuk \u00ebsht\u00eb pron\u00eb e saj. Burime b\u00ebjn\u00eb t\u00eb ditur se \u00ebsht\u00eb dera e vil\u00ebs n\u00eb Palas\u00eb \u00ebsht\u00eb hapur me forc\u00eb nga zjarrfik\u00ebsja, nd\u00ebrsa jan\u00eb sekuestruar sende &hellip;<\/p>\n","protected":false},"author":4,"featured_media":0,"comment_status":"open","ping_status":"open","sticky":false,"template":"","format":"standard","meta":{"footnotes":""},"categories":[40],"tags":[],"class_list":["post-41399","post","type-post","status-publish","format-standard","","category-aktualitet"],"_links":{"self":[{"href":"https:\/\/rdnews.al\/index.php\/wp-json\/wp\/v2\/posts\/41399","targetHints":{"allow":["GET"]}}],"collection":[{"href":"https:\/\/rdnews.al\/index.php\/wp-json\/wp\/v2\/posts"}],"about":[{"href":"https:\/\/rdnews.al\/index.php\/wp-json\/wp\/v2\/types\/post"}],"author":[{"embeddable":true,"href":"https:\/\/rdnews.al\/index.php\/wp-json\/wp\/v2\/users\/4"}],"replies":[{"embeddable":true,"href":"https:\/\/rdnews.al\/index.php\/wp-json\/wp\/v2\/comments?post=41399"}],"version-history":[{"count":0,"href":"https:\/\/rdnews.al\/index.php\/wp-json\/wp\/v2\/posts\/41399\/revisions"}],"wp:attachment":[{"href":"https:\/\/rdnews.al\/index.php\/wp-json\/wp\/v2\/media?parent=41399"}],"wp:term":[{"taxonomy":"category","embeddable":true,"href":"https:\/\/rdnews.al\/index.php\/wp-json\/wp\/v2\/categories?post=41399"},{"taxonomy":"post_tag","embeddable":true,"href":"https:\/\/rdnews.al\/index.php\/wp-json\/wp\/v2\/tags?post=41399"}],"curies":[{"name":"wp","href":"https:\/\/api.w.org\/{rel}","templated":true}]}}