{"id":41775,"date":"2023-03-27T17:39:17","date_gmt":"2023-03-27T17:39:17","guid":{"rendered":"https:\/\/rdnews.al\/?p=41775"},"modified":"2023-03-27T17:39:17","modified_gmt":"2023-03-27T17:39:17","slug":"eshte-goditur-klima-e-biznesit-nasto-duam-memorandum-bashkepunimi-me-kreun-e-ri-te-bashkise","status":"publish","type":"post","link":"https:\/\/rdnews.al\/index.php\/2023\/03\/27\/eshte-goditur-klima-e-biznesit-nasto-duam-memorandum-bashkepunimi-me-kreun-e-ri-te-bashkise\/","title":{"rendered":"\u201c\u00cbsht\u00eb goditur klima e biznesit\u201d, Nasto: Duam memorandum bashk\u00ebpunimi me kreun e ri t\u00eb bashkis\u00eb"},"content":{"rendered":"<p>Kryetari i Shoqat\u00ebs s\u00eb Biznesit t\u00eb Vog\u00ebl dhe t\u00eb Mes\u00ebm, Albert Nasto, gjat\u00eb tyrez\u00ebs k\u00ebrkoi q\u00eb t\u00eb n\u00ebnshkruhet nj\u00eb memorandum bashk\u00ebpunimi mes kreut t\u00eb ardhsh\u00ebm t\u00eb bashkis\u00eb dhe biznesit. K\u00ebt\u00eb memorandum, Albert Nasto e sheh si nj\u00eb garanci p\u00ebr t\u00eb ruajtur dhe p\u00ebrmir\u00ebsuar klim\u00ebn e biznesit n\u00eb Tiran\u00eb, e cila aktualisht nuk \u00ebsht\u00eb e mir\u00eb.<\/p>\n<p>Do kisha moton t\u00eb ruajm\u00eb biznesin, sepse po goditet nga oligarkia. Tjet\u00ebr, p\u00ebrmir\u00ebsimi i klim\u00ebs p\u00ebr t\u00eb b\u00ebr\u00eb biznes. \u00cbsht\u00eb shum\u00eb i nevojsh\u00ebm.<\/p>\n<p>Ne duam q\u00eb z.K\u00eblli\u00e7i, t\u00eb cilin e njoh shum\u00eb mir\u00eb, duhet t\u00eb kemi nj\u00eb klim\u00eb t\u00eb mir\u00eb, q\u00eb ta shtojm\u00eb biznesin. Jemi n\u00eb pik\u00ebn e fundit, n\u00eb nj\u00eb klim\u00eb kaq t\u00eb acaruar p\u00ebr biznesin.<\/p>\n<p>T\u00eb firmosim nj\u00eb memorandum bashk\u00ebpunimi mes shoqat\u00ebs dhe kryetarit t\u00eb bashkis\u00eb s\u00eb ardhsh\u00ebm.<\/p>\n<p>Jemi t\u00eb gatsh\u00ebm t\u00eb firmosim dhe ju falenderoj shum\u00eb p\u00ebr k\u00ebt\u00eb tryez\u00eb\u201d- tha Albert Nasto.<\/p>\n","protected":false},"excerpt":{"rendered":"<p>Kryetari i Shoqat\u00ebs s\u00eb Biznesit t\u00eb Vog\u00ebl dhe t\u00eb Mes\u00ebm, Albert Nasto, gjat\u00eb tyrez\u00ebs k\u00ebrkoi q\u00eb t\u00eb n\u00ebnshkruhet nj\u00eb memorandum bashk\u00ebpunimi mes kreut t\u00eb ardhsh\u00ebm t\u00eb bashkis\u00eb dhe biznesit. K\u00ebt\u00eb memorandum, Albert Nasto e sheh si nj\u00eb garanci p\u00ebr t\u00eb ruajtur dhe p\u00ebrmir\u00ebsuar klim\u00ebn e biznesit n\u00eb Tiran\u00eb, e cila aktualisht nuk \u00ebsht\u00eb e mir\u00eb. &hellip;<\/p>\n","protected":false},"author":4,"featured_media":41776,"comment_status":"open","ping_status":"open","sticky":false,"template":"","format":"standard","meta":{"footnotes":""},"categories":[37],"tags":[],"class_list":["post-41775","post","type-post","status-publish","format-standard","has-post-thumbnail","","category-politike"],"_links":{"self":[{"href":"https:\/\/rdnews.al\/index.php\/wp-json\/wp\/v2\/posts\/41775","targetHints":{"allow":["GET"]}}],"collection":[{"href":"https:\/\/rdnews.al\/index.php\/wp-json\/wp\/v2\/posts"}],"about":[{"href":"https:\/\/rdnews.al\/index.php\/wp-json\/wp\/v2\/types\/post"}],"author":[{"embeddable":true,"href":"https:\/\/rdnews.al\/index.php\/wp-json\/wp\/v2\/users\/4"}],"replies":[{"embeddable":true,"href":"https:\/\/rdnews.al\/index.php\/wp-json\/wp\/v2\/comments?post=41775"}],"version-history":[{"count":0,"href":"https:\/\/rdnews.al\/index.php\/wp-json\/wp\/v2\/posts\/41775\/revisions"}],"wp:featuredmedia":[{"embeddable":true,"href":"https:\/\/rdnews.al\/index.php\/wp-json\/wp\/v2\/media\/41776"}],"wp:attachment":[{"href":"https:\/\/rdnews.al\/index.php\/wp-json\/wp\/v2\/media?parent=41775"}],"wp:term":[{"taxonomy":"category","embeddable":true,"href":"https:\/\/rdnews.al\/index.php\/wp-json\/wp\/v2\/categories?post=41775"},{"taxonomy":"post_tag","embeddable":true,"href":"https:\/\/rdnews.al\/index.php\/wp-json\/wp\/v2\/tags?post=41775"}],"curies":[{"name":"wp","href":"https:\/\/api.w.org\/{rel}","templated":true}]}}