{"id":41843,"date":"2023-03-28T11:16:45","date_gmt":"2023-03-28T11:16:45","guid":{"rendered":"https:\/\/rdnews.al\/?p=41843"},"modified":"2023-03-28T11:16:45","modified_gmt":"2023-03-28T11:16:45","slug":"protestat-ne-france-popullariteti-i-macron-biene-28","status":"publish","type":"post","link":"https:\/\/rdnews.al\/index.php\/2023\/03\/28\/protestat-ne-france-popullariteti-i-macron-biene-28\/","title":{"rendered":"Protestat n\u00eb Franc\u00eb, popullariteti i Macron bien\u00eb 28%"},"content":{"rendered":"<p>Popullariteti i Emmanuel Macron ka sh\u00ebnuar nj\u00eb r\u00ebnie n\u00eb mars krahasuar me shkurtin, sipas nj\u00eb sondazhi t\u00eb kryer nga kompania BVA p\u00ebr stacionin televiziv RTL.<\/p>\n<p>Popullariteti i presidentit francez ka r\u00ebn\u00eb n\u00eb 28%, niveli m\u00eb i ul\u00ebt p\u00ebr kreun e shtetit francezq\u00eb nga n\u00ebntori 2018, fillimi i kriz\u00ebs s\u00eb jelek\u00ebve t\u00eb verdh\u00eb. E nj\u00ebjta gj\u00eb vlen edhe p\u00ebr kryeministren Elizabeth Bourne, ku mb\u00ebshtetet nga vet\u00ebm 28% e popullit.<\/p>\n<p>Ky \u00ebsht\u00eb rezultati i saj m\u00eb i ul\u00ebt q\u00eb kur ajo mori detyr\u00ebn e kryeministr\u00ebs n\u00eb maj 2022.<\/p>\n","protected":false},"excerpt":{"rendered":"<p>Popullariteti i Emmanuel Macron ka sh\u00ebnuar nj\u00eb r\u00ebnie n\u00eb mars krahasuar me shkurtin, sipas nj\u00eb sondazhi t\u00eb kryer nga kompania BVA p\u00ebr stacionin televiziv RTL. Popullariteti i presidentit francez ka r\u00ebn\u00eb n\u00eb 28%, niveli m\u00eb i ul\u00ebt p\u00ebr kreun e shtetit francezq\u00eb nga n\u00ebntori 2018, fillimi i kriz\u00ebs s\u00eb jelek\u00ebve t\u00eb verdh\u00eb. E nj\u00ebjta gj\u00eb &hellip;<\/p>\n","protected":false},"author":4,"featured_media":41844,"comment_status":"open","ping_status":"open","sticky":false,"template":"","format":"standard","meta":{"footnotes":""},"categories":[38],"tags":[],"class_list":["post-41843","post","type-post","status-publish","format-standard","has-post-thumbnail","","category-bota"],"_links":{"self":[{"href":"https:\/\/rdnews.al\/index.php\/wp-json\/wp\/v2\/posts\/41843","targetHints":{"allow":["GET"]}}],"collection":[{"href":"https:\/\/rdnews.al\/index.php\/wp-json\/wp\/v2\/posts"}],"about":[{"href":"https:\/\/rdnews.al\/index.php\/wp-json\/wp\/v2\/types\/post"}],"author":[{"embeddable":true,"href":"https:\/\/rdnews.al\/index.php\/wp-json\/wp\/v2\/users\/4"}],"replies":[{"embeddable":true,"href":"https:\/\/rdnews.al\/index.php\/wp-json\/wp\/v2\/comments?post=41843"}],"version-history":[{"count":0,"href":"https:\/\/rdnews.al\/index.php\/wp-json\/wp\/v2\/posts\/41843\/revisions"}],"wp:featuredmedia":[{"embeddable":true,"href":"https:\/\/rdnews.al\/index.php\/wp-json\/wp\/v2\/media\/41844"}],"wp:attachment":[{"href":"https:\/\/rdnews.al\/index.php\/wp-json\/wp\/v2\/media?parent=41843"}],"wp:term":[{"taxonomy":"category","embeddable":true,"href":"https:\/\/rdnews.al\/index.php\/wp-json\/wp\/v2\/categories?post=41843"},{"taxonomy":"post_tag","embeddable":true,"href":"https:\/\/rdnews.al\/index.php\/wp-json\/wp\/v2\/tags?post=41843"}],"curies":[{"name":"wp","href":"https:\/\/api.w.org\/{rel}","templated":true}]}}