{"id":42609,"date":"2023-04-04T18:55:56","date_gmt":"2023-04-04T18:55:56","guid":{"rendered":"https:\/\/rdnews.al\/?p=42609"},"modified":"2023-04-04T18:55:56","modified_gmt":"2023-04-04T18:55:56","slug":"kellici-cfare-me-ka-befasuar-me-shume-ne-kete-fushate","status":"publish","type":"post","link":"https:\/\/rdnews.al\/index.php\/2023\/04\/04\/kellici-cfare-me-ka-befasuar-me-shume-ne-kete-fushate\/","title":{"rendered":"K\u00eblli\u00e7i: \u00c7far\u00eb m\u00eb ka befasuar m\u00eb shum\u00eb n\u00eb k\u00ebt\u00eb fushat\u00eb"},"content":{"rendered":"<p>Kandidati i Opozit\u00ebs, Belind Kelli\u00e7i, u pyet n\u00eb studion e Alba Alishanit, n\u00eb A2Cnn, se cila ishte gj\u00ebja q\u00eb e ka befasuar m\u00eb shum\u00eb nga prekja e terrenit \u00e7do dit\u00eb.<\/p>\n<p>K\u00eblli\u00e7i tha se konstaton nj\u00eb realitet krejt tjet\u00ebr nga ai q\u00eb propagandohet nga Bashkia.<\/p>\n<p>&#8216;Edhe pse kam qenel\u00eb n\u00eb kontakt gjithnj\u00eb me qytetar\u00ebt, u shpreh Kelli\u00e7i, nuk e kisha kuptuar n\u00eb k\u00ebto p\u00ebrmasa, se si ishte gjendja e furnizimit me uj\u00eb n\u00eb Tiran\u00eb&#8217;.<\/p>\n<p>Kandidati i Opozit\u00ebs tha se ka shum\u00eb zona n\u00eb kryeqytet q\u00eb kan\u00eb vet\u00ebm 2 or\u00eb n\u00eb dit\u00eb uj\u00eb.<\/p>\n<p>K\u00eblli\u00e7i tha se banor\u00ebt e Tiran\u00ebs, nd\u00ebrkoh\u00eb, e paguajn\u00eb 3 her\u00eb ujin.<\/p>\n<p>Nj\u00eb her\u00eb paguajn\u00eb fatur\u00ebn e Bashkis\u00eb p\u00ebr nj\u00eb sherbim q\u00eb nuk e marrin.<\/p>\n<p>S\u00eb dyti, paguajn\u00eb ujin q\u00eb blejn\u00eb p\u00ebr t\u00eb pir\u00eb dhe gatuar.<\/p>\n<p>Dhe e treta, pohoi Kelli\u00e7i, \u00ebsht\u00eb energjia q\u00eb paguajn\u00eb p\u00ebr pompat q\u00eb p\u00ebrdoren masivisht p\u00ebr t\u00eb mbushur depozitat.<\/p>\n<p>M\u00eb tej, kandidati i Opozit\u00ebs, shtoi se n\u00eb fshatrat e Tiran\u00ebs \u00ebsht\u00eb edhe m\u00eb e renduar gjendja.<\/p>\n<p>Atje banor\u00ebt e marrin ujin nga puset, dhe mungon edhe ai p\u00ebr vaditje.<\/p>\n","protected":false},"excerpt":{"rendered":"<p>Kandidati i Opozit\u00ebs, Belind Kelli\u00e7i, u pyet n\u00eb studion e Alba Alishanit, n\u00eb A2Cnn, se cila ishte gj\u00ebja q\u00eb e ka befasuar m\u00eb shum\u00eb nga prekja e terrenit \u00e7do dit\u00eb. K\u00eblli\u00e7i tha se konstaton nj\u00eb realitet krejt tjet\u00ebr nga ai q\u00eb propagandohet nga Bashkia. &#8216;Edhe pse kam qenel\u00eb n\u00eb kontakt gjithnj\u00eb me qytetar\u00ebt, u shpreh &hellip;<\/p>\n","protected":false},"author":4,"featured_media":42610,"comment_status":"open","ping_status":"open","sticky":false,"template":"","format":"standard","meta":{"footnotes":""},"categories":[37],"tags":[],"class_list":["post-42609","post","type-post","status-publish","format-standard","has-post-thumbnail","","category-politike"],"_links":{"self":[{"href":"https:\/\/rdnews.al\/index.php\/wp-json\/wp\/v2\/posts\/42609","targetHints":{"allow":["GET"]}}],"collection":[{"href":"https:\/\/rdnews.al\/index.php\/wp-json\/wp\/v2\/posts"}],"about":[{"href":"https:\/\/rdnews.al\/index.php\/wp-json\/wp\/v2\/types\/post"}],"author":[{"embeddable":true,"href":"https:\/\/rdnews.al\/index.php\/wp-json\/wp\/v2\/users\/4"}],"replies":[{"embeddable":true,"href":"https:\/\/rdnews.al\/index.php\/wp-json\/wp\/v2\/comments?post=42609"}],"version-history":[{"count":0,"href":"https:\/\/rdnews.al\/index.php\/wp-json\/wp\/v2\/posts\/42609\/revisions"}],"wp:featuredmedia":[{"embeddable":true,"href":"https:\/\/rdnews.al\/index.php\/wp-json\/wp\/v2\/media\/42610"}],"wp:attachment":[{"href":"https:\/\/rdnews.al\/index.php\/wp-json\/wp\/v2\/media?parent=42609"}],"wp:term":[{"taxonomy":"category","embeddable":true,"href":"https:\/\/rdnews.al\/index.php\/wp-json\/wp\/v2\/categories?post=42609"},{"taxonomy":"post_tag","embeddable":true,"href":"https:\/\/rdnews.al\/index.php\/wp-json\/wp\/v2\/tags?post=42609"}],"curies":[{"name":"wp","href":"https:\/\/api.w.org\/{rel}","templated":true}]}}