{"id":42862,"date":"2023-04-07T10:33:53","date_gmt":"2023-04-07T10:33:53","guid":{"rendered":"https:\/\/rdnews.al\/?p=42862"},"modified":"2023-04-07T10:33:53","modified_gmt":"2023-04-07T10:33:53","slug":"starti-i-jashtezakonshem-i-fushates-flet-per-nje-rikthim-te-paprecedent-te-sali-berishes-dhe-pd","status":"publish","type":"post","link":"https:\/\/rdnews.al\/index.php\/2023\/04\/07\/starti-i-jashtezakonshem-i-fushates-flet-per-nje-rikthim-te-paprecedent-te-sali-berishes-dhe-pd\/","title":{"rendered":"Starti i jasht\u00ebzakonsh\u00ebm i fushat\u00ebs flet p\u00ebr nj\u00eb rikthim t\u00eb paprecedent t\u00eb Sali Berish\u00ebs dhe PD"},"content":{"rendered":"<p>Kryetari i PD, Sali Berisha tha gjat\u00eb konfernc\u00ebs p\u00ebr shtyp se, starti i jasht\u00ebzakonsh\u00ebm i fushat\u00ebs flet p\u00ebr nj\u00eb rikthim t\u00eb paprecedent t\u00eb Sali Berish\u00ebs dhe Partis\u00eb Demokratike. Berisha tha se, Edi Rama e ndjen se urrejtja popullore ndaj pushtetit t\u00eb tij monist, ka kufi vet\u00ebm qiellin.<br \/>\n\u201cS\u00eb pari, shfryt\u00ebzoj k\u00ebt\u00eb takim me ju p\u00ebr t\u2019u p\u00ebrcjell\u00eb p\u00ebrsh\u00ebndetjet m\u00eb t\u00eb p\u00ebrzem\u00ebrta demokrat\u00ebve p\u00ebr startin e jasht\u00ebzakonsh\u00ebm t\u00eb fushat\u00ebs elektorale, fushat\u00ebs s\u00eb fitores.<br \/>\nSi\u00e7 e shihni ju, sallat, sheshet ushtojn\u00eb nga entuziazmi i fitores s\u00eb opozit\u00ebs shqiptare n\u00eb k\u00ebto aktivitete paraelektorale.<br \/>\nNj\u00eb p\u00ebrpjekje e turpshme, primitive p\u00ebr t\u00eb goditur, p\u00ebr t\u00eb parandaluar rivendosjen e pluralizmit politik n\u00eb Shqip\u00ebri, po merr p\u00ebrgjigjen m\u00eb t\u00eb fuqishme nga t\u00eb rinjt\u00eb, t\u00eb rejat, burrat, grat\u00eb dhe qytetar\u00ebt shqiptar\u00eb n\u00eb mbar\u00eb vendin.<br \/>\nK\u00ebto flasin p\u00ebr nj\u00eb rikthim t\u00eb paprecedent t\u00eb Sali Berish\u00ebs dhe PD-s\u00eb. Ky fenomen ka tmerruar Edi Ram\u00ebn.<br \/>\nEdi Rama e ndjen se urrejtja popullore ndaj pushtetit t\u00eb tij monist, ka kufi vet\u00ebm qiellin.<br \/>\nEdi Rama e ndjen se me shpopullimin e kalkuluar, pra gjenocidin q\u00eb kryen ndaj shqiptar\u00ebve, konsiderohet nj\u00eb nga armiqt\u00eb m\u00eb t\u00eb rreziksh\u00ebm n\u00eb histori t\u00eb k\u00ebtij kombi.<br \/>\nEdi Rama e ndjen se me vjedhjet e m\u00ebdha q\u00eb u ka b\u00ebr\u00eb shqiptar\u00ebve, \u00ebsht\u00eb i pashpres\u00eb.<br \/>\nShqiptar\u00ebt presin me padurim 14 majin, presin p\u00ebr t\u00eb votuar si qytetar\u00eb t\u00eb par\u00eb, kandidat\u00ebt e primareve, nj\u00ebherazi p\u00ebr t\u00eb rivendosur pluralizmin politik n\u00eb Shqip\u00ebri dhe p\u00ebr t\u00eb firmosur ndryshimin e madh, i cili ka si synimin m\u00eb kryesor m\u00ebk\u00ebmbjen ekonomike t\u00eb shqiptar\u00ebve. M\u00ebk\u00ebmbjen e biznesit n\u00eb Shqip\u00ebri, m\u00ebk\u00ebmbjen e fermer\u00ebve shqiptar\u00eb, shpres\u00ebn tek mbar\u00eb shqiptar\u00ebt se ky vend b\u00ebhet, mb\u00ebshtetjen e t\u00eb rinjve shqiptar\u00eb n\u00eb hapat e tyre t\u00eb para.<br \/>\nAjo q\u00eb shihni ju n\u00eb ekrane televizive, me gjith\u00eb p\u00ebrpjekjet e tmerrshme p\u00ebr t\u00eb na censuruar, megjithat\u00eb nuk \u00ebsht\u00eb nj\u00eb p\u00ebrpjekje kaq e suksesshme, mund t\u00eb themi se kjo \u00ebsht\u00eb pranvera e madhe e shpres\u00ebs s\u00eb shqiptar\u00ebve.<br \/>\nPushteti po dridhet, \u00ebsht\u00eb n\u00eb p\u00ebrp\u00eblitjet e tij. Pra, shpresa vjen me opozit\u00ebn. Ndryshimi vjen me opozit\u00ebn\u201d, u shpreh Berisha.<\/p>\n<p>&nbsp;<\/p>\n","protected":false},"excerpt":{"rendered":"<p>Kryetari i PD, Sali Berisha tha gjat\u00eb konfernc\u00ebs p\u00ebr shtyp se, starti i jasht\u00ebzakonsh\u00ebm i fushat\u00ebs flet p\u00ebr nj\u00eb rikthim t\u00eb paprecedent t\u00eb Sali Berish\u00ebs dhe Partis\u00eb Demokratike. Berisha tha se, Edi Rama e ndjen se urrejtja popullore ndaj pushtetit t\u00eb tij monist, ka kufi vet\u00ebm qiellin. \u201cS\u00eb pari, shfryt\u00ebzoj k\u00ebt\u00eb takim me ju p\u00ebr &hellip;<\/p>\n","protected":false},"author":4,"featured_media":42180,"comment_status":"open","ping_status":"open","sticky":false,"template":"","format":"standard","meta":{"footnotes":""},"categories":[37],"tags":[],"class_list":["post-42862","post","type-post","status-publish","format-standard","has-post-thumbnail","","category-politike"],"_links":{"self":[{"href":"https:\/\/rdnews.al\/index.php\/wp-json\/wp\/v2\/posts\/42862","targetHints":{"allow":["GET"]}}],"collection":[{"href":"https:\/\/rdnews.al\/index.php\/wp-json\/wp\/v2\/posts"}],"about":[{"href":"https:\/\/rdnews.al\/index.php\/wp-json\/wp\/v2\/types\/post"}],"author":[{"embeddable":true,"href":"https:\/\/rdnews.al\/index.php\/wp-json\/wp\/v2\/users\/4"}],"replies":[{"embeddable":true,"href":"https:\/\/rdnews.al\/index.php\/wp-json\/wp\/v2\/comments?post=42862"}],"version-history":[{"count":0,"href":"https:\/\/rdnews.al\/index.php\/wp-json\/wp\/v2\/posts\/42862\/revisions"}],"wp:featuredmedia":[{"embeddable":true,"href":"https:\/\/rdnews.al\/index.php\/wp-json\/wp\/v2\/media\/42180"}],"wp:attachment":[{"href":"https:\/\/rdnews.al\/index.php\/wp-json\/wp\/v2\/media?parent=42862"}],"wp:term":[{"taxonomy":"category","embeddable":true,"href":"https:\/\/rdnews.al\/index.php\/wp-json\/wp\/v2\/categories?post=42862"},{"taxonomy":"post_tag","embeddable":true,"href":"https:\/\/rdnews.al\/index.php\/wp-json\/wp\/v2\/tags?post=42862"}],"curies":[{"name":"wp","href":"https:\/\/api.w.org\/{rel}","templated":true}]}}