{"id":42868,"date":"2023-04-07T10:41:53","date_gmt":"2023-04-07T10:41:53","guid":{"rendered":"https:\/\/rdnews.al\/?p=42868"},"modified":"2023-04-07T10:41:53","modified_gmt":"2023-04-07T10:41:53","slug":"berisha-regjimi-po-perpelitet-opozita-do-te-triumfoje","status":"publish","type":"post","link":"https:\/\/rdnews.al\/index.php\/2023\/04\/07\/berisha-regjimi-po-perpelitet-opozita-do-te-triumfoje\/","title":{"rendered":"Berisha: Regjimi po p\u00ebrp\u00eblitet, opozita do t\u00eb triumfoj\u00eb"},"content":{"rendered":"<p>Kryetari i PD, Sali Berisha deklaroi sot se p\u00ebrpjekja e qeveris\u00eb p\u00ebr t\u00eb penguar vendosjen e pluralizmit politik n\u00eb vend, \u00ebsht\u00eb e d\u00ebshtuar. Sipas tij qeveria \u00ebsht\u00eb n\u00eb p\u00ebrp\u00eblitjet e fundit dhe se n\u00eb 14 maj qytetar\u00ebt do t\u00eb votojn\u00eb p\u00ebr ndryshimin.<\/p>\n<p>Berisha tha nd\u00ebr t\u00eb tjera se kjo do t\u00eb jet\u00eb pranvera shpres\u00ebdh\u00ebn\u00ebse p\u00ebr qytetar\u00ebt dhe triumfin e opozit\u00ebs.<\/p>\n<p>\u201cSallat dhe sheshet ushtrojn\u00eb nga entuziazmi i fitores s\u00eb opozit\u00ebs shqiptare n\u00eb k\u00ebto aktivitete paraelektorale. Nj\u00eb p\u00ebrpjekje e turpshme p\u00ebr t\u00eb goditur, parandaluar rivendosjen e pluralizmit politik n\u00eb vend po merr p\u00ebrgjigjen m\u00eb t\u00eb fuqishme nga qytetar\u00ebt.<\/p>\n<p>Rama \u00ebsht\u00eb i pashpres\u00eb, shqiptar\u00ebt presin me padurim 14 majin. Presin p\u00ebr t\u00eb votuar si qytetar\u00eb t\u00eb par\u00eb kandidat\u00ebt e Primareve, dhe p\u00ebr t\u00eb rivendosur pluralizmin politik dhe p\u00ebr t\u00eb firmosur ndryshimin e madh i cili ka si synim kryesor m\u00ebk\u00ebmbjen ekonomike t\u00eb shqiptar\u00ebve, t\u00eb biznesit, t\u00eb fermer\u00ebve, shpres\u00ebn tek mbar\u00eb shqiptar\u00ebt se ky vend b\u00ebhet.<\/p>\n<p>Pra ajo q\u00eb shihni ju n\u00eb ekranet televizive me gjith\u00eb p\u00ebrpjekjet e tmerrshme q\u00eb b\u00ebjn\u00eb p\u00ebr t\u00eb na censuruar, por nuk \u00ebsht\u00eb nj\u00eb p\u00ebrpjekje kaq e suksesshme sepse mediat s\u00ebrish i japin dhe mediat sociale jan\u00eb pa censur\u00eb. Kjo \u00ebsht\u00eb pranvera shpres\u00ebmadhe e shqiptar\u00ebve. Pushteti po dridhet, \u00ebsht\u00eb n\u00eb p\u00ebrp\u00eblitjet e tij, pra shpresa vjen me opozit\u00ebn. Ndaj edhe nj\u00eb her\u00eb mir\u00ebnjohje atyre mij\u00ebra mb\u00ebshtet\u00ebsve t\u00eb opozit\u00ebs q\u00eb kan\u00eb krijuar frym\u00eb fitoreje q\u00eb s\u2019mbahet mend prej shum\u00eb vitesh\u201d, tha ai.<\/p>\n","protected":false},"excerpt":{"rendered":"<p>Kryetari i PD, Sali Berisha deklaroi sot se p\u00ebrpjekja e qeveris\u00eb p\u00ebr t\u00eb penguar vendosjen e pluralizmit politik n\u00eb vend, \u00ebsht\u00eb e d\u00ebshtuar. Sipas tij qeveria \u00ebsht\u00eb n\u00eb p\u00ebrp\u00eblitjet e fundit dhe se n\u00eb 14 maj qytetar\u00ebt do t\u00eb votojn\u00eb p\u00ebr ndryshimin. Berisha tha nd\u00ebr t\u00eb tjera se kjo do t\u00eb jet\u00eb pranvera shpres\u00ebdh\u00ebn\u00ebse p\u00ebr &hellip;<\/p>\n","protected":false},"author":4,"featured_media":42869,"comment_status":"open","ping_status":"open","sticky":false,"template":"","format":"standard","meta":{"footnotes":""},"categories":[37],"tags":[],"class_list":["post-42868","post","type-post","status-publish","format-standard","has-post-thumbnail","","category-politike"],"_links":{"self":[{"href":"https:\/\/rdnews.al\/index.php\/wp-json\/wp\/v2\/posts\/42868","targetHints":{"allow":["GET"]}}],"collection":[{"href":"https:\/\/rdnews.al\/index.php\/wp-json\/wp\/v2\/posts"}],"about":[{"href":"https:\/\/rdnews.al\/index.php\/wp-json\/wp\/v2\/types\/post"}],"author":[{"embeddable":true,"href":"https:\/\/rdnews.al\/index.php\/wp-json\/wp\/v2\/users\/4"}],"replies":[{"embeddable":true,"href":"https:\/\/rdnews.al\/index.php\/wp-json\/wp\/v2\/comments?post=42868"}],"version-history":[{"count":0,"href":"https:\/\/rdnews.al\/index.php\/wp-json\/wp\/v2\/posts\/42868\/revisions"}],"wp:featuredmedia":[{"embeddable":true,"href":"https:\/\/rdnews.al\/index.php\/wp-json\/wp\/v2\/media\/42869"}],"wp:attachment":[{"href":"https:\/\/rdnews.al\/index.php\/wp-json\/wp\/v2\/media?parent=42868"}],"wp:term":[{"taxonomy":"category","embeddable":true,"href":"https:\/\/rdnews.al\/index.php\/wp-json\/wp\/v2\/categories?post=42868"},{"taxonomy":"post_tag","embeddable":true,"href":"https:\/\/rdnews.al\/index.php\/wp-json\/wp\/v2\/tags?post=42868"}],"curies":[{"name":"wp","href":"https:\/\/api.w.org\/{rel}","templated":true}]}}