{"id":4358,"date":"2022-02-10T18:52:40","date_gmt":"2022-02-10T18:52:40","guid":{"rendered":"https:\/\/rdnews.al\/?p=4358"},"modified":"2022-02-10T18:52:40","modified_gmt":"2022-02-10T18:52:40","slug":"pollo-votat-e-lulzimit-si-aneksi-nr-2-i-grupit-parlamentar-edi-rama","status":"publish","type":"post","link":"https:\/\/rdnews.al\/index.php\/2022\/02\/10\/pollo-votat-e-lulzimit-si-aneksi-nr-2-i-grupit-parlamentar-edi-rama\/","title":{"rendered":"Pollo: Votat e Lulzimit si Aneksi Nr.2 i Grupit Parlamentar Edi Rama"},"content":{"rendered":"<p>Pasi Lulzim Basha vendosi q\u00eb votat e partis\u00eb s\u00eb tij t\u2019i v\u00ebr\u00eb n\u00eb sh\u00ebrbim t\u00eb Edi Ram\u00ebs p\u00ebr t\u00eb shtyr\u00eb mandatin e organeve t\u00eb Vettingut ka reaguar Genc Pollo i cili me ironi ka b\u00ebr\u00eb edhe nj\u00eb krahasim. Ai i ka quajtur votat e Lulzim Bash\u00ebs si Aneksi num\u00ebr 2 i Grupit Parlamentar t\u00eb Edi Ram\u00ebs dhe sipas tij jan\u00eb votat e Tom Doshit.<\/p>\n<p>Deputet\u00ebt q\u00eb tashm\u00eb jan\u00eb renditur n\u00eb krah\u00eb t\u00eb Sali Berish\u00ebs nuk e dhan\u00eb vot\u00ebn p\u00ebr zgjatjen e organeve t\u00eb Vettingut dhe n\u00eb Kuvend ata fol\u00ebn me tone t\u00eb ashpra p\u00ebr at\u00eb se \u00e7far\u00eb ka prodhuar deri tani kjo reform\u00eb.<\/p>\n<p>Deklarata<br \/>\nVotat e Lulzimit si Aneksi Nr. 2 i Grupit Parlamentar Edi Rama.<br \/>\nAneksi 1 jan\u00eb votat e PSD s\u00eb Tom\u00ebs.<\/p>\n","protected":false},"excerpt":{"rendered":"<p>Pasi Lulzim Basha vendosi q\u00eb votat e partis\u00eb s\u00eb tij t\u2019i v\u00ebr\u00eb n\u00eb sh\u00ebrbim t\u00eb Edi Ram\u00ebs p\u00ebr t\u00eb shtyr\u00eb mandatin e organeve t\u00eb Vettingut ka reaguar Genc Pollo i cili me ironi ka b\u00ebr\u00eb edhe nj\u00eb krahasim. Ai i ka quajtur votat e Lulzim Bash\u00ebs si Aneksi num\u00ebr 2 i Grupit Parlamentar t\u00eb Edi &hellip;<\/p>\n","protected":false},"author":4,"featured_media":4359,"comment_status":"open","ping_status":"open","sticky":false,"template":"","format":"standard","meta":{"footnotes":""},"categories":[37],"tags":[],"class_list":["post-4358","post","type-post","status-publish","format-standard","has-post-thumbnail","","category-politike"],"_links":{"self":[{"href":"https:\/\/rdnews.al\/index.php\/wp-json\/wp\/v2\/posts\/4358","targetHints":{"allow":["GET"]}}],"collection":[{"href":"https:\/\/rdnews.al\/index.php\/wp-json\/wp\/v2\/posts"}],"about":[{"href":"https:\/\/rdnews.al\/index.php\/wp-json\/wp\/v2\/types\/post"}],"author":[{"embeddable":true,"href":"https:\/\/rdnews.al\/index.php\/wp-json\/wp\/v2\/users\/4"}],"replies":[{"embeddable":true,"href":"https:\/\/rdnews.al\/index.php\/wp-json\/wp\/v2\/comments?post=4358"}],"version-history":[{"count":0,"href":"https:\/\/rdnews.al\/index.php\/wp-json\/wp\/v2\/posts\/4358\/revisions"}],"wp:featuredmedia":[{"embeddable":true,"href":"https:\/\/rdnews.al\/index.php\/wp-json\/wp\/v2\/media\/4359"}],"wp:attachment":[{"href":"https:\/\/rdnews.al\/index.php\/wp-json\/wp\/v2\/media?parent=4358"}],"wp:term":[{"taxonomy":"category","embeddable":true,"href":"https:\/\/rdnews.al\/index.php\/wp-json\/wp\/v2\/categories?post=4358"},{"taxonomy":"post_tag","embeddable":true,"href":"https:\/\/rdnews.al\/index.php\/wp-json\/wp\/v2\/tags?post=4358"}],"curies":[{"name":"wp","href":"https:\/\/api.w.org\/{rel}","templated":true}]}}