{"id":4373,"date":"2022-02-10T22:24:16","date_gmt":"2022-02-10T22:24:16","guid":{"rendered":"https:\/\/rdnews.al\/?p=4373"},"modified":"2022-02-10T22:43:17","modified_gmt":"2022-02-10T22:43:17","slug":"basha-nuk-njeh-juridiksionin-e-prokuroreve-belge-deklarata","status":"publish","type":"post","link":"https:\/\/rdnews.al\/index.php\/2022\/02\/10\/basha-nuk-njeh-juridiksionin-e-prokuroreve-belge-deklarata\/","title":{"rendered":"Basha nuk njeh juridiksionin e prokuror\u00ebve belg\u00eb, deklarata&#8230;"},"content":{"rendered":"<p><strong>Nga Endira BUSHATI<\/strong><\/p>\n<p>Luli n\u00eb SPAK\u2026 por para Prokuror\u00ebve Belg\u00eb\u2026<\/p>\n<p>Si rrall\u00eb her\u00eb, e d\u00ebgjova me v\u00ebmendje fjal\u00ebn e Bash\u00ebs me gazetar\u00ebt, pas pyetjes s\u00eb tij nga prokuror\u00ebt belg\u00eb\u2026.<\/p>\n<p>Sigurisht, q\u00eb si gjithmon\u00eb, lojra fjal\u00ebsh\u2026.p\u00ebr t\u00eb kaluar radh\u00ebn\u2026.<\/p>\n<p>E megjithat\u00eb, mes lojrave me fjal\u00ebt, Basha u dha \u201cmesazhin\u201d atyre q\u00eb \u201cduhet t\u00eb d\u00ebgjojn\u00eb\u201d\u2026..<\/p>\n<p>\u201cPunonj\u00ebsit e ndersh\u00ebm t\u00eb SPAK-ut e BKH kan\u0113 dhe do t\u00eb ken\u00eb mb\u00ebshtetjen e PD p\u00ebr t\u00eb ecur p\u00ebrpara<br \/>\np\u00ebr hetimin e t\u00eb gjitha \u00e7\u00ebshtjeve q\u00eb jan\u00eb n\u00eb JURIDIKSIONIN e tyre\u2026..\u201d<\/p>\n<p>\u201c\u2026..por dhe p\u00ebr punonj\u00ebsit e ndersh\u00ebm t\u00eb SPAK dhe BKH t\u00eb b\u00ebjn\u00eb detyr\u00ebn e tyre dhe t\u00eb mos harrojn\u00eb kurr\u00eb se nuk kan\u00eb shef apo bos mbi krye p\u00ebrve\u00e7 Kushtetut\u00ebs, ligjeve SHQIPTARE dhe qytetar\u00ebve taksapagues SHQIPTAR\u00cb\u2026.\u201d<\/p>\n<p>Luli, i cili sot ndryshoi Kushtetut\u00ebn p\u0113r vettingun, me arsyetimin se ia k\u00ebrkonin nd\u00ebrkomb\u00ebtar\u00ebt\u2026.<\/p>\n<p>\u2026.po sot, pasi u pyet nga prokuror\u00ebt BELG\u00cb, u kujtoi prokuror\u00ebve shqiptar\u00eb t\u00eb hetojn\u00eb \u201cbrenda JURIDIKSIONIT t\u00eb tyre\u201d dhe gjithashtu u kujtoi se \u201cprokuror\u00ebt SHQIPTAR\u00cb\u201d nuk kan\u00eb shefa t\u00eb tjer\u00eb p\u00ebrve\u00e7 ligjeve dhe taksapaguesve SHQIPTAR\u00cb\u2026..<\/p>\n<p>\u2026..dmth\u2026.mos pyesni p\u00ebr juridiksione, ligje e taksapagues BELG\u00cb\u2026.<\/p>\n<p>Kaq nga intervista\u2026.imagjinoni \u00e7\u2019\u201dsh\u00ebnime\u201d paskan mbajtur prokuror\u00ebt belg\u00eb\u2026.<\/p>\n","protected":false},"excerpt":{"rendered":"<p>Nga Endira BUSHATI Luli n\u00eb SPAK\u2026 por para Prokuror\u00ebve Belg\u00eb\u2026 Si rrall\u00eb her\u00eb, e d\u00ebgjova me v\u00ebmendje fjal\u00ebn e Bash\u00ebs me gazetar\u00ebt, pas pyetjes s\u00eb tij nga prokuror\u00ebt belg\u00eb\u2026. Sigurisht, q\u00eb si gjithmon\u00eb, lojra fjal\u00ebsh\u2026.p\u00ebr t\u00eb kaluar radh\u00ebn\u2026. E megjithat\u00eb, mes lojrave me fjal\u00ebt, Basha u dha \u201cmesazhin\u201d atyre q\u00eb \u201cduhet t\u00eb d\u00ebgjojn\u00eb\u201d\u2026.. \u201cPunonj\u00ebsit e &hellip;<\/p>\n","protected":false},"author":4,"featured_media":0,"comment_status":"open","ping_status":"open","sticky":false,"template":"","format":"standard","meta":{"footnotes":""},"categories":[44],"tags":[],"class_list":["post-4373","post","type-post","status-publish","format-standard","","category-editorial"],"_links":{"self":[{"href":"https:\/\/rdnews.al\/index.php\/wp-json\/wp\/v2\/posts\/4373","targetHints":{"allow":["GET"]}}],"collection":[{"href":"https:\/\/rdnews.al\/index.php\/wp-json\/wp\/v2\/posts"}],"about":[{"href":"https:\/\/rdnews.al\/index.php\/wp-json\/wp\/v2\/types\/post"}],"author":[{"embeddable":true,"href":"https:\/\/rdnews.al\/index.php\/wp-json\/wp\/v2\/users\/4"}],"replies":[{"embeddable":true,"href":"https:\/\/rdnews.al\/index.php\/wp-json\/wp\/v2\/comments?post=4373"}],"version-history":[{"count":0,"href":"https:\/\/rdnews.al\/index.php\/wp-json\/wp\/v2\/posts\/4373\/revisions"}],"wp:attachment":[{"href":"https:\/\/rdnews.al\/index.php\/wp-json\/wp\/v2\/media?parent=4373"}],"wp:term":[{"taxonomy":"category","embeddable":true,"href":"https:\/\/rdnews.al\/index.php\/wp-json\/wp\/v2\/categories?post=4373"},{"taxonomy":"post_tag","embeddable":true,"href":"https:\/\/rdnews.al\/index.php\/wp-json\/wp\/v2\/tags?post=4373"}],"curies":[{"name":"wp","href":"https:\/\/api.w.org\/{rel}","templated":true}]}}