{"id":4449,"date":"2022-02-11T19:12:29","date_gmt":"2022-02-11T19:12:29","guid":{"rendered":"https:\/\/rdnews.al\/?p=4449"},"modified":"2022-02-11T19:12:29","modified_gmt":"2022-02-11T19:12:29","slug":"berisha-thirrje-deputetit-xhaferri-thuaju-zgjedhesve-cfare-deponoi-basha-para-prokuroreve-belge","status":"publish","type":"post","link":"https:\/\/rdnews.al\/index.php\/2022\/02\/11\/berisha-thirrje-deputetit-xhaferri-thuaju-zgjedhesve-cfare-deponoi-basha-para-prokuroreve-belge\/","title":{"rendered":"Berisha thirrje deputetit Xhaferri: Thuaju zgjedh\u00ebsve \u00e7far\u00eb deponoi Basha para prokuror\u00ebve belg\u00eb?"},"content":{"rendered":"<p>Ish-Kryeministri Berisha deklaroi nga Durr\u00ebsi se, Lulzim Basha akuzohet nga prokuror\u00ebt belg\u00eb p\u00ebr bashk\u00ebpunim me nj\u00eb organizat\u00eb kriminale q\u00eb transporton para t\u00eb p\u00ebrfituara n\u00eb rrug\u00eb t\u00eb paligjshme.<\/p>\n<p>Basha u thirr pasditen e djeshme nga nj\u00eb grup prokuror\u00ebsh belg\u00eb n\u00eb ambientet e SPAK dhe u mor n\u00eb pyetje p\u00ebr m\u00eb shum\u00eb se dy or\u00eb, lidhur me hetimet p\u00ebr 3.5 mln eurot e &#8216;Toyota Yaris&#8217;.<\/p>\n<p>Gjat\u00eb takimit me qytetar\u00ebt durrsak\u00eb ku prezantoi kandidatin p\u00ebr kryetar bashkie, Ardian Muka, Berisha zbardhi detaje nga deponimi\u00a0i\u00a0Bash\u00ebs para hetuesve belg\u00eb dhe tha se,\u00a0Basha ka ndryshuar d\u00ebshmin\u00eb para prokuror\u00ebve, duke dh\u00ebn\u00eb nj\u00eb tjet\u00ebr version para tyre.<\/p>\n<p>Berisha tha se hetimet p\u00ebr &#8216;Toyota Yaris&#8217; n\u00eb Shqip\u00ebri Bash\u00ebs ia mbylli Edi Rama, por jan\u00eb prokuror\u00ebt belg\u00eb ata t\u00eb cil\u00ebt do t&#8217;i shkojn\u00eb deri n\u00eb fund k\u00ebtij operacioni.<\/p>\n<p>&#8220;Ja t&#8217;i b\u00ebjm\u00eb nj\u00eb pyetje ish-kryetarit dhe deputetit t\u00eb Durr\u00ebsit Ferdinand Xhaferri: Ferdinand, eja dhe thuaju zgjedh\u00ebsve t\u00eb t&#8217;u \u00e7far\u00eb deponoi Basha mbr\u00ebm\u00eb para prokuroris\u00eb belg\u00eb? Mos ua fshih, duhet t&#8217;ua thuash, mos u b\u00ebj hipokrit, t\u00eb kan\u00eb votuar, tregoju njer\u00ebzve. U thirr p\u00ebr bashk\u00ebpunim me nj\u00eb organizat\u00eb kriminale q\u00eb transportonte para trafiku. U kap edhe si mashtrues n\u00eb betim.<\/p>\n<p>Ferdinand eja k\u00ebtu me mua, ose shko dhe tregoji \u00e7do demokrati. Mos harroni, prokuror\u00ebt e Mbret\u00ebris\u00eb s\u00eb Belgjik\u00ebs nuk jan\u00eb prokuror\u00ebt e Edi Ram\u00ebs, por prokuror\u00eb t\u00eb betuar para Mbretit, nuk ka gj\u00eb q\u00eb i thyen ata. U kishte dh\u00ebn\u00eb nj\u00eb variant krejt tjet\u00ebr. E nd\u00ebrroi krejt pllak\u00ebn. Menj\u00ebher\u00eb u konstatua se ishte mashtrim n\u00ebn betim, vep\u00ebr kriminale, vep\u00ebr penale. Ia mbylli Edi Rama Toyota Yaris me nj\u00eb njeri, por prokuror\u00ebt belg\u00eb do t&#8217;i shkojn\u00eb deri n\u00eb fund k\u00ebtij operacioni. Ata kan\u00eb me qindra e mij\u00ebra tabulate, dokumente. Ndaj dhe Basha nuk guxon t\u00eb vij\u00eb dhe t\u00eb paraqes\u00eb Luanin (Luan Hoti) k\u00ebtu, por fshihet pas fustanit t\u00eb Grid\u00ebs dhe mustaqeve t\u00eb Salianjit&#8221;, u shpreh Berisha.<\/p>\n","protected":false},"excerpt":{"rendered":"<p>Ish-Kryeministri Berisha deklaroi nga Durr\u00ebsi se, Lulzim Basha akuzohet nga prokuror\u00ebt belg\u00eb p\u00ebr bashk\u00ebpunim me nj\u00eb organizat\u00eb kriminale q\u00eb transporton para t\u00eb p\u00ebrfituara n\u00eb rrug\u00eb t\u00eb paligjshme. Basha u thirr pasditen e djeshme nga nj\u00eb grup prokuror\u00ebsh belg\u00eb n\u00eb ambientet e SPAK dhe u mor n\u00eb pyetje p\u00ebr m\u00eb shum\u00eb se dy or\u00eb, lidhur me &hellip;<\/p>\n","protected":false},"author":4,"featured_media":4450,"comment_status":"open","ping_status":"open","sticky":false,"template":"","format":"standard","meta":{"footnotes":""},"categories":[40],"tags":[],"class_list":["post-4449","post","type-post","status-publish","format-standard","has-post-thumbnail","","category-aktualitet"],"_links":{"self":[{"href":"https:\/\/rdnews.al\/index.php\/wp-json\/wp\/v2\/posts\/4449","targetHints":{"allow":["GET"]}}],"collection":[{"href":"https:\/\/rdnews.al\/index.php\/wp-json\/wp\/v2\/posts"}],"about":[{"href":"https:\/\/rdnews.al\/index.php\/wp-json\/wp\/v2\/types\/post"}],"author":[{"embeddable":true,"href":"https:\/\/rdnews.al\/index.php\/wp-json\/wp\/v2\/users\/4"}],"replies":[{"embeddable":true,"href":"https:\/\/rdnews.al\/index.php\/wp-json\/wp\/v2\/comments?post=4449"}],"version-history":[{"count":0,"href":"https:\/\/rdnews.al\/index.php\/wp-json\/wp\/v2\/posts\/4449\/revisions"}],"wp:featuredmedia":[{"embeddable":true,"href":"https:\/\/rdnews.al\/index.php\/wp-json\/wp\/v2\/media\/4450"}],"wp:attachment":[{"href":"https:\/\/rdnews.al\/index.php\/wp-json\/wp\/v2\/media?parent=4449"}],"wp:term":[{"taxonomy":"category","embeddable":true,"href":"https:\/\/rdnews.al\/index.php\/wp-json\/wp\/v2\/categories?post=4449"},{"taxonomy":"post_tag","embeddable":true,"href":"https:\/\/rdnews.al\/index.php\/wp-json\/wp\/v2\/tags?post=4449"}],"curies":[{"name":"wp","href":"https:\/\/api.w.org\/{rel}","templated":true}]}}