{"id":4516,"date":"2022-02-12T18:07:44","date_gmt":"2022-02-12T18:07:44","guid":{"rendered":"https:\/\/rdnews.al\/?p=4516"},"modified":"2022-02-12T18:07:44","modified_gmt":"2022-02-12T18:07:44","slug":"amuli-i-bashes-kapet-duke-nderruar-braven-e-selise-ne-shkoder","status":"publish","type":"post","link":"https:\/\/rdnews.al\/index.php\/2022\/02\/12\/amuli-i-bashes-kapet-duke-nderruar-braven-e-selise-ne-shkoder\/","title":{"rendered":"Amuli i Bash\u00ebs kapet duke nd\u00ebrruar brav\u00ebn e selis\u00eb n\u00eb Shkod\u00ebr"},"content":{"rendered":"<p>Pas prezantimit t\u00eb kandidatit p\u00ebr kryetar bashkie, Bardh Spahia, lideri historik i PD ka marshuar n\u00eb k\u00ebmb\u00eb n\u00eb qytetin e Shkodr\u00ebs.<\/p>\n<p>Ish-Kryeministri Berisha \u00ebsht\u00eb drejtuar p\u00ebr te zyrat e shtabit elektoral t\u00eb kandidatit Spahia ku ka zhvilluar nj\u00eb takim.<\/p>\n<p>Mir\u00ebpo, l\u00ebvizja e Berish\u00ebs n\u00eb k\u00ebmb\u00eb n\u00eb qytetin e Shkodr\u00ebs ka alarmuar Xhevdet Amulin, t\u00eb em\u00ebruarin nga Lulzim Basha si kryetar dege.<\/p>\n<p>Menj\u00ebher\u00eb sapo \u00ebsht\u00eb informuar p\u00ebr l\u00ebvizjet e Berish\u00ebs, ky i fundit ka nxituar drejt selis\u00eb s\u00eb deg\u00ebs s\u00eb PD dhe ka mbyllur der\u00ebn, nga frika se demokrat\u00ebt do t\u00eb futeshin brenda.<\/p>\n<p>Si\u00e7 duket edhe n\u00eb foto, Amuli duket pran\u00eb zyrave t\u00eb selis\u00eb s\u00eb PD, pasi ka ky\u00e7ur der\u00ebn.<\/p>\n<p>Ai \u00ebsht\u00eb pikasur nga qytetar\u00ebt e Shkodr\u00ebs, t\u00eb cil\u00ebt i kan\u00eb b\u00ebr\u00eb edhe foto.<\/p>\n<p>N\u00eb fakt, Berisha dhe mb\u00ebshtet\u00ebsit ishin drejtuar p\u00ebr te shtabi elektoral i Bardh Spahis\u00eb p\u00ebr t\u00eb diskutuar detajet e organizimit t\u00eb fushat\u00ebs p\u00ebr zgjedhjet e 6 marsit.<\/p>\n<p>Ndodhia e sotme n\u00eb Shkod\u00ebr tregon se Lulzim Basha ka infektuar me kompleksin e bravave edhe kryetar\u00ebt lokal\u00eb t\u00eb em\u00ebruar prej tij.<\/p>\n<p><img loading=\"lazy\" decoding=\"async\" class=\"alignnone  wp-image-4518\" src=\"https:\/\/rdnews.al\/wp-content\/uploads\/2022\/02\/aaa-197x300.jpg\" alt=\"\" width=\"273\" height=\"416\" srcset=\"https:\/\/rdnews.al\/wp-content\/uploads\/2022\/02\/aaa-197x300.jpg 197w, https:\/\/rdnews.al\/wp-content\/uploads\/2022\/02\/aaa-671x1024.jpg 671w, https:\/\/rdnews.al\/wp-content\/uploads\/2022\/02\/aaa-768x1172.jpg 768w, https:\/\/rdnews.al\/wp-content\/uploads\/2022\/02\/aaa.jpg 900w\" sizes=\"auto, (max-width: 273px) 100vw, 273px\" \/><\/p>\n","protected":false},"excerpt":{"rendered":"<p>Pas prezantimit t\u00eb kandidatit p\u00ebr kryetar bashkie, Bardh Spahia, lideri historik i PD ka marshuar n\u00eb k\u00ebmb\u00eb n\u00eb qytetin e Shkodr\u00ebs. Ish-Kryeministri Berisha \u00ebsht\u00eb drejtuar p\u00ebr te zyrat e shtabit elektoral t\u00eb kandidatit Spahia ku ka zhvilluar nj\u00eb takim. Mir\u00ebpo, l\u00ebvizja e Berish\u00ebs n\u00eb k\u00ebmb\u00eb n\u00eb qytetin e Shkodr\u00ebs ka alarmuar Xhevdet Amulin, t\u00eb em\u00ebruarin &hellip;<\/p>\n","protected":false},"author":4,"featured_media":4517,"comment_status":"open","ping_status":"open","sticky":false,"template":"","format":"standard","meta":{"footnotes":""},"categories":[40],"tags":[],"class_list":["post-4516","post","type-post","status-publish","format-standard","has-post-thumbnail","","category-aktualitet"],"_links":{"self":[{"href":"https:\/\/rdnews.al\/index.php\/wp-json\/wp\/v2\/posts\/4516","targetHints":{"allow":["GET"]}}],"collection":[{"href":"https:\/\/rdnews.al\/index.php\/wp-json\/wp\/v2\/posts"}],"about":[{"href":"https:\/\/rdnews.al\/index.php\/wp-json\/wp\/v2\/types\/post"}],"author":[{"embeddable":true,"href":"https:\/\/rdnews.al\/index.php\/wp-json\/wp\/v2\/users\/4"}],"replies":[{"embeddable":true,"href":"https:\/\/rdnews.al\/index.php\/wp-json\/wp\/v2\/comments?post=4516"}],"version-history":[{"count":0,"href":"https:\/\/rdnews.al\/index.php\/wp-json\/wp\/v2\/posts\/4516\/revisions"}],"wp:featuredmedia":[{"embeddable":true,"href":"https:\/\/rdnews.al\/index.php\/wp-json\/wp\/v2\/media\/4517"}],"wp:attachment":[{"href":"https:\/\/rdnews.al\/index.php\/wp-json\/wp\/v2\/media?parent=4516"}],"wp:term":[{"taxonomy":"category","embeddable":true,"href":"https:\/\/rdnews.al\/index.php\/wp-json\/wp\/v2\/categories?post=4516"},{"taxonomy":"post_tag","embeddable":true,"href":"https:\/\/rdnews.al\/index.php\/wp-json\/wp\/v2\/tags?post=4516"}],"curies":[{"name":"wp","href":"https:\/\/api.w.org\/{rel}","templated":true}]}}