{"id":45450,"date":"2023-05-09T18:52:01","date_gmt":"2023-05-09T18:52:01","guid":{"rendered":"https:\/\/rdnews.al\/?p=45450"},"modified":"2023-05-09T18:54:53","modified_gmt":"2023-05-09T18:54:53","slug":"vota-si-pergjegjshmeri-qytetare-politike-pjekuri-e-vizion","status":"publish","type":"post","link":"https:\/\/rdnews.al\/index.php\/2023\/05\/09\/vota-si-pergjegjshmeri-qytetare-politike-pjekuri-e-vizion\/","title":{"rendered":"Vota, si p\u00ebrgjegjshm\u00ebri qytetare, politike, pjekuri e vizion!"},"content":{"rendered":"<p><strong>Nga Ardi STEFA<\/strong><br \/>\n<em><strong>Sekretar p\u00ebr marr\u00ebdh\u00ebniet me publikun i PD Vlor\u00eb\u00a0<\/strong><\/em><\/p>\n<p>53 vite m\u00eb par\u00eb kam lindur n\u00eb Vlor\u00eb.<\/p>\n<p>Im at\u00eb kishte gati 40 vite p\u00ebrpara meje q\u00eb jetonte n\u00eb po k\u00ebt\u00eb qytet.<\/p>\n<p>Nuk \u00ebsht\u00eb hera e par\u00eb q\u00eb shkruaj e k\u00ebrkoj p\u00ebrul\u00ebsisht p\u00ebrgjegjshm\u00ebri, p\u00ebrgjegjshm\u00ebri politike e qytetare.<\/p>\n<p>Sepse k\u00ebto zgjedhje duhet t\u00eb jen\u00eb d\u00ebshmia e par\u00eb historike e lindjes s\u00eb p\u00ebrgjegjshm\u00ebris\u00eb qytetare.<\/p>\n<p>K\u00ebto zgjedhje ndoshta jan\u00eb hapi i par\u00eb q\u00eb hedhim p\u00ebr t\u00eb kuptuar se demokracin\u00eb nuk duhet ta presim si dhurat\u00eb nga t\u00eb tjer\u00ebt. Nj\u00eb hap i madh q\u00eb hedhim si popull, p\u00ebr t\u00eb kuptuar se t\u00eb drejtat tona si qytetar\u00eb t\u00eb lir\u00eb duhet t\u2018i fitojm\u00eb me q\u00ebndrime prej qytetari, q\u00eb at\u00eb liri e meriton.<\/p>\n<p>K\u00ebto zgjedhje duhet t\u00eb d\u00ebshmojn\u00eb q\u00eb Shqip\u00ebria nuk \u00ebsht\u00eb m\u00eb ajo Shqip\u00ebria e trembur, e uritur dhe e s\u00ebmur\u00eb e viteve t\u00eb gjata t\u00eb diktatur\u00ebs komuniste. Nuk \u00ebsht\u00eb m\u00eb as ajo Shqip\u00ebria q\u00eb, e lodhur nga diktatura e gjat\u00eb, mbushte sheshet p\u00ebr t\u00eb k\u00ebrkuar \u201cLiri e Demokraci, Drejt\u00ebsi, Prosperitet e Vot\u00eb t\u00eb lir\u00eb e t\u00eb patjet\u00ebrsuar\u201d!<\/p>\n<p>K\u00ebto zgjedhje duhet t\u2019u kujtojn\u00eb pushtetar\u00ebve tan\u00eb se ka ardhur koha q\u00eb dhe te ne t\u00eb hiqet dor\u00eb nga vjedhja e zgjedhjeve p\u00ebr hir t\u00eb pushtetit dhe t\u00eb b\u00ebhen dhe te ne zgjedhje t\u00eb lira e t\u00eb ndershme p\u00ebr t\u00eb garantuar lirit\u00eb dhe t\u00eb drejtat themelore t\u00eb qytetar\u00ebve me shtetin e s\u00eb drejt\u00ebs.<\/p>\n<p>Thon\u00eb se pap\u00ebrgjegjshm\u00ebria qytetare lind regjimet, kurse pap\u00ebrgjegjshm\u00ebria politike lind kaosin dhe rr\u00ebnimin. Nuk mund t\u00eb mos e kujtosh k\u00ebt\u00eb, kur sheh se si reagojn\u00eb pushtetar\u00ebt tan\u00eb t\u00eb trembur nga lindja e p\u00ebrgjegjshm\u00ebris\u00eb qytetare. N\u00eb vend q\u00eb t\u2019i g\u00ebzohen k\u00ebtij zgjimi t\u00eb nd\u00ebrgjegjes qytetare t\u00eb popullit t\u00eb tyre, pushtetar\u00ebt tan\u00eb e humbasin fillin aq shum\u00eb, sa k\u00ebrc\u00ebnojn\u00eb qytetar\u00ebt pse u zgjuan nga nj\u00eb letargji e gjat\u00eb.<\/p>\n<p>Ka kaq vite q\u00eb pushtetar\u00ebt e sektit gajasen dhe b\u00ebjn\u00eb pazaret e radh\u00ebs p\u00ebr t\u00eb ndar\u00eb n\u00eb hijen e zyrave t\u00eb shtetit pronat publike dhe pronat e pronar\u00ebve t\u00eb pushkatuar nga diktatura.<\/p>\n<p>Ka vite q\u00eb ky sekt q\u00eb keqqeveris Vlor\u00ebn e Shqip\u00ebrin\u00eb e ndan popullin n\u00eb \u201ct\u00eb vet\u00ebt\u201d e \u201ckund\u00ebrshtar\u00ebt\u201d, q\u00eb gajaset e num\u00ebron milionat e vjedhura nga pasuria publike; q\u00eb rr\u00ebnon ekonomin\u00eb dhe d\u00ebbon shqiptar\u00ebt.<\/p>\n<p>Sepse pap\u00ebrgjegjshm\u00ebria politike e pushtetar\u00ebve tan\u00eb t\u00eb tranzicionit \u00ebsht\u00eb ul\u00ebrit\u00ebse. Ajo \u00ebsht\u00eb mb\u00ebshtetur gjithmon\u00eb edhe n\u00eb pap\u00ebrgjegjshm\u00ebrin\u00eb e vet\u00eb qytetar\u00ebve, sidomos n\u00eb m\u00ebnyr\u00ebn se si qytetar\u00ebt votojn\u00eb, prandaj dhe e humbasin aq keq ekuilibrin, tani q\u00eb po lind p\u00ebrgjegjshm\u00ebria qytetare, sa t\u00eb k\u00ebrc\u00ebnojn\u00eb se pa ta e pas tyre do t\u00eb ndodh\u00eb qameti.<\/p>\n<p>Lindja e p\u00ebrgjegjshm\u00ebris\u00eb qytetare, doemos q\u00eb nuk \u00ebsht\u00eb n\u00eb dobi t\u00eb pushteteve e t\u00eb regjimeve, por n\u00eb t\u00eb mir\u00eb t\u00eb jet\u00ebsimit t\u00eb t\u00eb drejtave dhe lirive themelore t\u00eb qytetar\u00ebve, q\u00eb jet\u00ebsohen e mbrohen nga shteti i s\u00eb drejt\u00ebs. Shteti i s\u00eb drejt\u00ebs, q\u00eb pushtetar\u00ebt tan\u00eb as e njohin dhe as e pranojn\u00eb dot, sepse jan\u00eb rritur me etjen p\u00ebr t\u00eb hedhur n\u00eb dor\u00eb dar\u00ebt e pushtetit t\u00eb pakufizuar, sepse jan\u00eb rritur me etjen p\u00ebr t\u00eb sunduar. Sepse tani nuk betohen dot &#8220;P\u00ebr idealin e Partis\u00eb!&#8221;, por p\u00ebr Paran\u00eb, madje partit\u00eb i kan\u00eb kthyer n\u00eb nd\u00ebrmarrje private p\u00ebr t\u00eb shtuar Paran\u00eb.<\/p>\n<p>Sepse me para po blejn\u00eb votat p\u00ebr t\u00eb mbajtur pushtetin, me para po blejn\u00eb median p\u00ebr t\u00eb mbajtur pushtetin, me para po blejn\u00eb dhe miq personal\u00eb n\u00eb institucionet nd\u00ebrkomb\u00ebtare p\u00ebr t\u00eb marr\u00eb e p\u00ebr t\u00eb mbajtur me \u00e7do kusht e me \u00e7do \u00e7mim pushtetin, miq personal\u00eb, t\u00eb cil\u00ebt harrojn\u00eb t\u00eb drejtat dhe lirit\u00eb themelore t\u00eb njeriut dhe mbajn\u00eb mend vet\u00ebm d\u00ebshirat e s\u00ebmura t\u00eb sektit.<\/p>\n<p>Thon\u00eb se kur m\u00eb g\u00ebnjen nj\u00eb her\u00eb, e ke fajin ti, por kur m\u00eb g\u00ebnjen her\u00ebn e dyt\u00eb, e kam fajin vet\u00eb.<br \/>\nSot jemi aq t\u00eb zgjuar sa t\u00eb dim\u00eb se \u00e7far\u00eb e p\u00ebr k\u00eb votojm\u00eb!<\/p>\n<p>Ndaj sot duhet q\u00eb arma e vetme q\u00eb kemi, VOTA, t\u00eb p\u00ebrdoret me p\u00ebrgjegjshm\u00ebri, pjekuri dhe mir\u00ebmendim.<\/p>\n<p>Vota duhet t\u00eb d\u00ebshmoj\u00eb edhe integritetin ton\u00eb moral e politik!<\/p>\n<p>Ndaj vota duhet t\u00eb hidhet n\u00eb kuti me p\u00ebrgjegjshm\u00ebri qytetare, me p\u00ebrgjegjshm\u00ebri politike, me p\u00ebrgjegjshm\u00ebri p\u00ebr f\u00ebmij\u00ebt tan\u00eb e brezat e ardhsh\u00ebm, p\u00ebr atdheun q\u00eb do t\u2019u l\u00ebm\u00eb.<\/p>\n<p>Duhet t\u00eb votojm\u00eb me p\u00ebrgjegjshm\u00ebri e pa u trembur nga tam-tamet, as nga batutat, fyerjet e intimidimet e atyre q\u00eb nd\u00ebrhyrjen n\u00eb Vlor\u00eb e kan\u00eb kozmetik\u00eb q\u00eb rr\u00ebnon qytetin dhe jo strategji drejtimi.<\/p>\n<p>Duhet t\u00eb votojm\u00eb ata q\u00eb angazhohen q\u00eb bashkia do t\u2019u sh\u00ebrbej\u00eb e s\u2019do t\u2019i sh\u00ebrbeni. T\u00eb votojm\u00eb kandidat\u00ebt e opozit\u00ebs q\u00eb jan\u00eb angazhuar p\u00ebr nj\u00eb qytet p\u00ebr t\u00eb gjith\u00eb qytetar\u00ebt e n\u00eb duar t\u00eb qytetar\u00ebve, p\u00ebr nj\u00eb qytet t\u00eb past\u00ebr, miq\u00ebsor, njer\u00ebzor e q\u00eb respekton historin\u00eb e traditat.<\/p>\n<p>Dhe vota jon\u00eb e p\u00ebrgjegjshme do t\u00eb sjell\u00eb Ndryshimin!<\/p>\n","protected":false},"excerpt":{"rendered":"<p>Nga Ardi STEFA Sekretar p\u00ebr marr\u00ebdh\u00ebniet me publikun i PD Vlor\u00eb\u00a0 53 vite m\u00eb par\u00eb kam lindur n\u00eb Vlor\u00eb. Im at\u00eb kishte gati 40 vite p\u00ebrpara meje q\u00eb jetonte n\u00eb po k\u00ebt\u00eb qytet. Nuk \u00ebsht\u00eb hera e par\u00eb q\u00eb shkruaj e k\u00ebrkoj p\u00ebrul\u00ebsisht p\u00ebrgjegjshm\u00ebri, p\u00ebrgjegjshm\u00ebri politike e qytetare. Sepse k\u00ebto zgjedhje duhet t\u00eb jen\u00eb d\u00ebshmia &hellip;<\/p>\n","protected":false},"author":4,"featured_media":19486,"comment_status":"open","ping_status":"open","sticky":false,"template":"","format":"standard","meta":{"footnotes":""},"categories":[44],"tags":[],"class_list":["post-45450","post","type-post","status-publish","format-standard","has-post-thumbnail","","category-editorial"],"_links":{"self":[{"href":"https:\/\/rdnews.al\/index.php\/wp-json\/wp\/v2\/posts\/45450","targetHints":{"allow":["GET"]}}],"collection":[{"href":"https:\/\/rdnews.al\/index.php\/wp-json\/wp\/v2\/posts"}],"about":[{"href":"https:\/\/rdnews.al\/index.php\/wp-json\/wp\/v2\/types\/post"}],"author":[{"embeddable":true,"href":"https:\/\/rdnews.al\/index.php\/wp-json\/wp\/v2\/users\/4"}],"replies":[{"embeddable":true,"href":"https:\/\/rdnews.al\/index.php\/wp-json\/wp\/v2\/comments?post=45450"}],"version-history":[{"count":0,"href":"https:\/\/rdnews.al\/index.php\/wp-json\/wp\/v2\/posts\/45450\/revisions"}],"wp:featuredmedia":[{"embeddable":true,"href":"https:\/\/rdnews.al\/index.php\/wp-json\/wp\/v2\/media\/19486"}],"wp:attachment":[{"href":"https:\/\/rdnews.al\/index.php\/wp-json\/wp\/v2\/media?parent=45450"}],"wp:term":[{"taxonomy":"category","embeddable":true,"href":"https:\/\/rdnews.al\/index.php\/wp-json\/wp\/v2\/categories?post=45450"},{"taxonomy":"post_tag","embeddable":true,"href":"https:\/\/rdnews.al\/index.php\/wp-json\/wp\/v2\/tags?post=45450"}],"curies":[{"name":"wp","href":"https:\/\/api.w.org\/{rel}","templated":true}]}}