{"id":45771,"date":"2023-05-12T09:54:07","date_gmt":"2023-05-12T09:54:07","guid":{"rendered":"https:\/\/rdnews.al\/?p=45771"},"modified":"2023-05-12T09:54:07","modified_gmt":"2023-05-12T09:54:07","slug":"nene-klija-ne-krah-te-belindit-kam-ardhur-nga-italia-qe-te-votoj","status":"publish","type":"post","link":"https:\/\/rdnews.al\/index.php\/2023\/05\/12\/nene-klija-ne-krah-te-belindit-kam-ardhur-nga-italia-qe-te-votoj\/","title":{"rendered":"N\u00ebn\u00eb Klija n\u00eb krah t\u00eb Belindit: \u201cKam ardhur nga Italia q\u00eb t\u00eb votoj!\u201d"},"content":{"rendered":"<p>Belind K\u00eblli\u00e7i teksa takon qytetar\u00ebt dhe u prezanton programin dhe 5 pikat q\u00eb sjellin ndryshimin n\u00eb Tiran\u00eb, denoncon po ashtu paligjshm\u00ebrin\u00eb dhe korrupsionin n\u00eb Bashki. N\u00eb zon\u00ebn e \u201cTregut \u00c7am\u201d, K\u00eblli\u00e7i denoncoi nd\u00ebrtimin e 7 kateve pa leje t\u00eb kull\u00ebs \u201cEyes of Tirana\u201d. Sipas Belind K\u00eblli\u00e7it, ky objekt \u00ebsht\u00eb p\u00ebrball\u00eb zyr\u00ebs s\u00eb Erion Veliajt, por kryebashkiaku aktual i Tiran\u00ebs ka lejuar paligjshm\u00ebrin\u00eb.<\/p>\n<p>_\u201cShikoje k\u00ebt\u00eb q\u00eb nuk e kishte par\u00eb Erion Veliaj, 7 kate pa leje! Se nuk ka l\u00ebn\u00eb nd\u00ebrkoh\u00eb, nuk ka l\u00ebn\u00eb kotec pule n\u00eb katund pa u v\u00ebn\u00eb gjob\u00eb, nuk ka l\u00ebn\u00eb avlli e \u00e7ati pa prishur edhe k\u00ebt\u00eb k\u00ebtu nuk e ka par\u00eb. Shihe k\u00ebt\u00eb, shihe ku e ka zyr\u00ebn, e ka zyr\u00ebn ball\u00eb p\u00ebr ball\u00eb, shihe pak, 100 metra distanc\u00eb nuk e ka par\u00eb, e ka nga zyra. Nuk e pash\u00eb tha!\u201d._<\/p>\n<p>Po sikur t\u00eb mos mjaftoj\u00eb kjo, Erion Veliaj ka dh\u00ebn\u00eb leje p\u00ebr nd\u00ebrtimin e pjes\u00ebs tjet\u00ebr t\u00eb kull\u00ebs, n\u00eb truallin ku aktualisht ndodhet \u201cQendra Rinore\u201d.<\/p>\n<p>_\u201cKjo \u00ebsht\u00eb Qendra Rinore aty, q\u00eb \u00ebsht\u00eb mbyllur. E vetmja qend\u00ebr rinore n\u00eb Tiran\u00eb, e mbylli zot\u00ebria, do ta shembi k\u00ebt\u00eb k\u00ebtu p\u00ebr ta b\u00ebr\u00eb kull\u00eb\u2026 shihe si i ka l\u00ebn\u00eb k\u00ebto fitilat jasht\u00eb k\u00ebtu. \u00ebsht\u00eb nj\u00eb arsye pse jan\u00eb l\u00ebn\u00eb t\u00eb gjitha jasht\u00eb k\u00ebtu, sepse \u00ebsht\u00eb ditur q\u00eb kur \u00ebsht\u00eb b\u00ebr\u00eb projekti, \u00ebsht\u00eb ditur q\u00eb k\u00ebto do shemben, kjo pjesa edhe do jepet p\u00ebr kull\u00eb tjet\u00ebr betoni. Nd\u00ebrkoh\u00eb, ka ngritur 7 kate pa leje lart\u00eb, minimalisht duhet t\u00eb merrte masa administrative bashkia e Tiran\u00ebs, duhet t\u2019i pezullonte licens\u00ebn e t\u00eb gjitha, gjob\u00eb e t\u00eb gjitha. \u00c7far\u00eb ka ndodhur, kaluan tre muaj dhe tani do i japi dhe k\u00ebt\u00eb truallin tjet\u00ebr p\u00ebr t\u00eb b\u00ebr\u00eb kull\u00eb aty p\u00ebr t\u00eb vazhduar kull\u00eb tjet\u00ebr_\u201d-tha K\u00eblli\u00e7i.<\/p>\n<p>Sipas tij, ky \u00ebsht\u00eb modeli dhe standardi i dyfisht\u00eb i bashkis\u00eb s\u00eb Tiran\u00ebs, e cila n\u00eb qend\u00ebr lejon betonizimin, nd\u00ebrsa n\u00eb zonat rurale banor\u00ebt nuk lejohen as t\u00eb b\u00ebjn\u00eb rregullime avllie pa marr\u00eb leje n\u00eb bashki.<\/p>\n<p>_\u201cNd\u00ebrkoh\u00eb q\u00eb kjo sh\u00ebrben p\u00ebr ta kuptuar t\u00eb gjith\u00eb ato banor\u00ebt n\u00eb Tiran\u00eb, n\u00eb qytet dhe n\u00eb fshat, q\u00eb m\u00eb thon\u00eb: Belind nuk hapin dot dritaret e sht\u00ebpis\u00eb, nuk rregullojm\u00eb dot avllin\u00eb, nuk rregullojm\u00eb dot \u00e7atin\u00eb se vjen na v\u00eb gjob\u00eb policia bashkiake. Kurse klientela e k\u00ebtij shiko \u00e7far\u00eb b\u00ebn!_\u201d-u shpreh K\u00eblli\u00e7i.<\/p>\n<p>M\u00eb tej, n\u00eb brend\u00ebsi t\u00eb \u201cTregut \u00c7am\u201d, Belind K\u00eblli\u00e7i tregoi edhe pallatin e Arben Malokut, zyrtarit t\u00eb bashkis\u00eb s\u00eb Tiran\u00ebs, i cili gjithashtu ka nd\u00ebrtuar 2700 metra katror\u00eb pa leje.<\/p>\n<p>_\u201cDua t\u00eb tregoj pak k\u00ebt\u00eb pallatin e Ben Malokut. Kape pak k\u00ebt\u00eb pjes\u00ebn lart\u00eb k\u00ebtu. Ky \u00ebsht\u00eb ai pallati q\u00eb ka b\u00ebr\u00eb Ben Maloku nja 2700 metra pa leje, k\u00ebtu \u00ebsht\u00eb. K\u00ebtu nja 50 metra larg, jeton Ministri i Brendsh\u00ebm dhe k\u00ebtu kishte th\u00ebn\u00eb Veliaj, p\u00ebr k\u00ebt\u00eb q\u00eb blen vota n\u00eb Kasall\u00eb, n\u00eb Dritas n\u00eb Zall Herr edhe n\u00eb Tapiz\u00eb, kishte th\u00ebn\u00eb q\u00eb nuk e ka par\u00eb k\u00ebt\u00eb. S\u2019ka par\u00eb as at\u00eb 7 kate pa leje n\u00eb qend\u00ebr te \u201cSheshi Sk\u00ebnderbej\u201d, nd\u00ebrkoh\u00eb q\u00eb qytetar\u00ebve u merr shpirtin p\u00ebr nj\u00eb kotec pulash, p\u00ebr nj\u00eb dritare. Ky \u00ebsht\u00eb Erion Veliaj q\u00eb ta dini\u201d_-tha K\u00eblli\u00e7i.<\/p>\n<p>Nga ana tjet\u00ebr, po n\u00eb k\u00ebt\u00eb zon\u00eb, kandidati i opozit\u00ebs p\u00ebr bashkin\u00eb e Tiran\u00ebs, tregoi edhe disa pallate t\u00eb vjetra, banor\u00ebt e t\u00eb cil\u00ebve tashm\u00eb jetojn\u00eb me frik\u00ebn se bashkia do t\u2019i shemb\u00eb, p\u00ebr shkak t\u00eb vjet\u00ebrsis\u00eb s\u00eb tyre. K\u00eblli\u00e7i u shpreh se tashm\u00eb e kan\u00eb n\u00eb dor\u00eb qytetar\u00ebt e Tiran\u00ebs p\u00ebr t\u00eb vendosur n\u00ebse do t\u00eb lejohet ajo q\u00eb parashikon qeveria dhe bashkia p\u00ebr pronat e qytetar\u00ebve, apo do t\u00eb zgjedhin ndryshimin.<\/p>\n<p>_\u201cDhe k\u00ebtej \u00ebsht\u00eb nj\u00eb pjes\u00eb tjet\u00ebr e llokm\u00ebs q\u00eb Erion Veliaj do t\u00eb betonizoj\u00eb n\u00eb Tiran\u00eb, e llokm\u00ebs q\u00eb do t\u2019u vjedh\u00eb qytetar\u00ebve pronat n\u00eb banesat e vjetra. Dometh\u00ebn\u00eb, sot t\u00eb rrezikuar n\u00eb Tiran\u00eb nuk jan\u00eb m\u00eb vet\u00ebm qytetar\u00ebt q\u00eb jan\u00eb n\u00eb proces legalizimi por dhe autokton\u00ebt, dhe ata q\u00eb i kan\u00eb apartamentet me letra t\u00eb rregullta, me certifikat\u00eb pron\u00ebsie me t\u00eb gjitha, vet\u00ebm p\u00ebr faktin se mund t\u00eb banojn\u00eb n\u00eb apartamente m\u00eb t\u00eb vjetra se 50-vje\u00e7are rrezikojn\u00eb q\u00eb Erion Veliaj mund t\u2019i nxjerri nga sht\u00ebpia, p\u00ebr t\u2019u shembur sht\u00ebpit\u00eb p\u00ebr t\u2019i b\u00ebr\u00eb kulla betoni. B\u00ebjeni zgjedhjen vet, kat\u00ebr dit\u00eb kan\u00eb ngelur\u201d_-tha K\u00eblli\u00e7i.<\/p>\n<p>Duke shtr\u00ebnguar duart dhe marr\u00eb mb\u00ebshtetjen nga qytetar\u00eb e tregtar\u00eb t\u00eb zon\u00ebs, Belind K\u00eblli\u00e7i u takua dhe me nj\u00eb zonj\u00eb, e cila edhe pse n\u00eb gjendje jo t\u00eb mir\u00eb sh\u00ebndet\u00ebsore, kishte ardhur nga Italia p\u00ebr t\u00eb votuar ndryshimin n\u00eb 14 maj.<\/p>\n<p>_\u201cJo, un\u00eb kam qen\u00eb e s\u00ebmur\u00eb e operuar, kam ardhur nga Italia dhe do iki prap\u00eb, vet\u00ebm p\u00ebr t\u00eb votuar. Vet\u00ebm p\u00ebr t\u00eb votuar kam ardhur. Do iki prap\u00eb n\u00eb dat\u00ebn 22, vet\u00ebm p\u00ebr t\u00eb votuar kam ardhur_\u201d-u shpreh N\u00ebn\u00eb Klija, duke i dh\u00ebn\u00eb mb\u00ebshtetjen Belind K\u00eblli\u00e7it.<\/p>\n<p>Ky i fundit, duke falenderuar zonj\u00ebn, u b\u00ebri thirrje t\u00eb gjith\u00eb qytetar\u00ebve t\u00eb ndjekin shembullin e saj n\u00eb 14 maj.<\/p>\n<p>_\u201cJu e dini, ju e keni n\u00eb dor\u00eb. A e d\u00ebgjuat zonj\u00ebn: kam qen\u00eb e s\u00ebmur\u00eb, thot\u00eb, kam ikur n\u00eb Itali, kam ardhur nga Italia vet\u00ebm p\u00ebr t\u00eb votuar. T\u00eb gjith\u00eb ata q\u00eb p\u00ebrtojn\u00eb me dal\u00eb n\u00eb votim, e kuptoni q\u00eb ka njer\u00ebz q\u00eb vijn\u00eb nga jasht\u00eb vet\u00ebm p\u00ebr t\u00eb votuar. Dilni votoni masivisht, masivisht!_\u201d-tha Belind K\u00eblli\u00e7i.<\/p>\n<p>Nd\u00ebrkoh\u00eb, bizneset n\u00eb \u201cTregun \u00c7am\u201d, treguan v\u00ebshtir\u00ebsit\u00eb q\u00eb po kalojn\u00eb, duke u shprehur se barra e taksave bashkiake ka ardhur duke u rritur \u00e7do vit.<\/p>\n<p>_\u201cDob\u00ebt! Inshallah mos b\u00ebhet ndonj\u00eb gj\u00eb e re o v\u00eblla, se kemi ndonj\u00eb shpres\u00eb. D\u00ebgjo, p\u00ebr pes\u00eb muaj, p\u00ebr Zotin, po shihja pardje faturat e siguracionit q\u00eb paguaj, nga 80 mij\u00eb lek\u00eb shkuan 90, n\u00eb 100, 120.. Po ashtu si p\u00ebrher\u00eb, me hope. Inshallah fitoni dhe n\u00eb Durr\u00ebs, dhe n\u00eb Elbasan, por aman ve\u00e7 na hiqni k\u00ebt\u00eb zdromsin\u201d, shprehen disa biznese n\u00eb zon\u00eb.<\/p>\n<p><img loading=\"lazy\" decoding=\"async\" class=\"alignnone size-medium wp-image-45773\" src=\"https:\/\/rdnews.al\/wp-content\/uploads\/2023\/05\/1-54-300x200.jpg\" alt=\"\" width=\"300\" height=\"200\" srcset=\"https:\/\/rdnews.al\/wp-content\/uploads\/2023\/05\/1-54-300x200.jpg 300w, https:\/\/rdnews.al\/wp-content\/uploads\/2023\/05\/1-54-768x512.jpg 768w, https:\/\/rdnews.al\/wp-content\/uploads\/2023\/05\/1-54.jpg 1024w\" sizes=\"auto, (max-width: 300px) 100vw, 300px\" \/><\/p>\n","protected":false},"excerpt":{"rendered":"<p>Belind K\u00eblli\u00e7i teksa takon qytetar\u00ebt dhe u prezanton programin dhe 5 pikat q\u00eb sjellin ndryshimin n\u00eb Tiran\u00eb, denoncon po ashtu paligjshm\u00ebrin\u00eb dhe korrupsionin n\u00eb Bashki. N\u00eb zon\u00ebn e \u201cTregut \u00c7am\u201d, K\u00eblli\u00e7i denoncoi nd\u00ebrtimin e 7 kateve pa leje t\u00eb kull\u00ebs \u201cEyes of Tirana\u201d. Sipas Belind K\u00eblli\u00e7it, ky objekt \u00ebsht\u00eb p\u00ebrball\u00eb zyr\u00ebs s\u00eb Erion Veliajt, por &hellip;<\/p>\n","protected":false},"author":4,"featured_media":45772,"comment_status":"open","ping_status":"open","sticky":false,"template":"","format":"standard","meta":{"footnotes":""},"categories":[37],"tags":[],"class_list":["post-45771","post","type-post","status-publish","format-standard","has-post-thumbnail","","category-politike"],"_links":{"self":[{"href":"https:\/\/rdnews.al\/index.php\/wp-json\/wp\/v2\/posts\/45771","targetHints":{"allow":["GET"]}}],"collection":[{"href":"https:\/\/rdnews.al\/index.php\/wp-json\/wp\/v2\/posts"}],"about":[{"href":"https:\/\/rdnews.al\/index.php\/wp-json\/wp\/v2\/types\/post"}],"author":[{"embeddable":true,"href":"https:\/\/rdnews.al\/index.php\/wp-json\/wp\/v2\/users\/4"}],"replies":[{"embeddable":true,"href":"https:\/\/rdnews.al\/index.php\/wp-json\/wp\/v2\/comments?post=45771"}],"version-history":[{"count":0,"href":"https:\/\/rdnews.al\/index.php\/wp-json\/wp\/v2\/posts\/45771\/revisions"}],"wp:featuredmedia":[{"embeddable":true,"href":"https:\/\/rdnews.al\/index.php\/wp-json\/wp\/v2\/media\/45772"}],"wp:attachment":[{"href":"https:\/\/rdnews.al\/index.php\/wp-json\/wp\/v2\/media?parent=45771"}],"wp:term":[{"taxonomy":"category","embeddable":true,"href":"https:\/\/rdnews.al\/index.php\/wp-json\/wp\/v2\/categories?post=45771"},{"taxonomy":"post_tag","embeddable":true,"href":"https:\/\/rdnews.al\/index.php\/wp-json\/wp\/v2\/tags?post=45771"}],"curies":[{"name":"wp","href":"https:\/\/api.w.org\/{rel}","templated":true}]}}