{"id":45846,"date":"2023-05-12T18:47:48","date_gmt":"2023-05-12T18:47:48","guid":{"rendered":"https:\/\/rdnews.al\/?p=45846"},"modified":"2023-05-12T18:47:48","modified_gmt":"2023-05-12T18:47:48","slug":"logjika-e-llogjeve-te-kafenese","status":"publish","type":"post","link":"https:\/\/rdnews.al\/index.php\/2023\/05\/12\/logjika-e-llogjeve-te-kafenese\/","title":{"rendered":"Logjika e llogjeve t\u00eb kafenes\u00eb"},"content":{"rendered":"<p><strong>Nga Ardi STEFA<\/strong><\/p>\n<p>Personalisht nuk e kam problem me tonet e larta n\u00eb nj\u00eb fushat\u00eb elektorale.<br \/>\nAs me gazetarin\u00eb q\u00eb mobilizohet, \u201cmilitarizohet\u201d dhe mban nj\u00eb pozicion e q\u00ebndrim.<br \/>\nAs me influencuesit dhe opinionb\u00ebr\u00ebsit<br \/>\nI preferoj k\u00ebto shum\u00eb m\u00eb tep\u00ebr se nj\u00eb logjik\u00eb p\u00ebrshtatshm\u00ebrie, ku t\u00eb gjitha e t\u00eb gjith\u00eb flasin sikur t\u00eb jemi mir\u00eb e pun\u00ebt t\u00eb na shkojn\u00eb vaj.<br \/>\nP\u00ebrkundrazi, n\u00eb rast se n\u00eb nj\u00eb shoq\u00ebri ka vija ndar\u00ebse dhe kund\u00ebrshti, ato duhet t\u00eb reflektohen n\u00eb sken\u00ebn politike.<br \/>\nPor kam problem me logjik\u00ebn e llogjeve t\u00eb kafenes\u00eb.<br \/>\nE konstatoj n\u00eb m\u00ebnyr\u00ebn se si disa sillen e flasin p\u00ebr opozit\u00ebn.<br \/>\nSikur t\u00eb mos ken\u00eb kaluar 10 vjet q\u00eb kur ajo ka ikur nga pushteti dhe kaloi n\u00eb opozit\u00eb, sikur t\u00eb mos jet\u00eb as edhe tani nj\u00eb parti, q\u00eb n\u00eb thlb pretendon t\u00eb jet\u00eb forc\u00eb qeveris\u00ebse dhe alternativ\u00eb.<br \/>\nD.m.th. n\u00eb vitin 2023 t\u00eb d\u00ebgjosh t\u00eb nj\u00ebjt\u00ebn retorik\u00eb e budallall\u00ebqe si n\u00eb vitin 1996 apo 1997; t\u00eb d\u00ebgjosh n\u00eb vitin 2023 t\u00eb nj\u00ebjtat akuza p\u00ebr lider\u00ebt politik\u00eb t\u00eb opozit\u00ebs, n\u00eb nj\u00eb koh\u00eb q\u00eb ke 10 vjet pushtetin dhe do t\u00eb vendosje drejt\u00ebsin\u00eb, n\u00eb rast se do t\u00eb kishte apo d\u00ebshirohej drejt\u00ebsia, d\u00ebshmon se sa t\u00eb pazot\u00ebt jemi q\u00eb t\u00eb b\u00ebjm\u00eb nj\u00eb debat normal politik.<br \/>\nSe sa t\u00eb pazot\u00ebt jemi q\u00eb t\u00eb b\u00ebjm\u00eb nj\u00eb debat normal politik e d\u00ebshmon edhe fakti q\u00eb pozita fushat\u00ebn e saj e nd\u00ebrton me sharje, fyerje e tallava; me deklarata defi\u00e7ente q\u00eb n\u00eb vend t\u00eb par\u00eb \u00ebsht\u00eb Lideri Global, pastaj jan\u00eb dhjet\u00eb mij\u00eb vende bosh e pastaj vjen populli; si fyerjet e intimidimet e Liderit Global p\u00ebr kandidat\u00ebt e opozit\u00ebs, n\u00eb nj\u00eb koh\u00eb q\u00eb t\u00eb tij\u00ebt historikisht i ka pasur me rekorde kriminale.<br \/>\nAktualisht beteja elektorale b\u00ebhet n\u00eb terma polarizues, pa\u00e7ka se nuk duket n\u00eb pamje t\u00eb par\u00eb. K\u00ebt\u00eb e tregojn\u00eb konfrontimet e ashpra, retorika me z\u00eb t\u00eb lart\u00eb, m\u00ebnyra se si nj\u00eb pjes\u00eb e brutalitetit verbal t\u00eb mediave sociale bartet n\u00eb debatin politik.<br \/>\nNd\u00ebrkoh\u00eb, q\u00eb shkalla e konfrontimit programor \u00ebsht\u00eb ve\u00e7an\u00ebrisht e ul\u00ebt.<br \/>\nDhe nuk e them k\u00ebt\u00eb vet\u00ebm n\u00eb kuptimin q\u00eb teknikat moderne t\u00eb komunikimit politik theksojn\u00eb imazhin dhe emocionin n\u00eb vend t\u00eb diskutimit shterrues t\u00eb propozimeve t\u00eb politikave, duke b\u00ebr\u00eb q\u00eb votuesit t\u00eb sillen si \u201ckonsumator\u00eb\u201d.<br \/>\nPor ata q\u00eb e b\u00ebjn\u00eb nj\u00eb gj\u00eb t\u00eb till\u00eb, pra influencuesit dhe \u201copinionb\u00ebr\u00ebsit e bler\u00eb nga qeveria\u201d, mendojn\u00eb se me k\u00ebt\u00eb m\u00ebnyr\u00eb \u201cndikojn\u00eb\u201d n\u00eb opinionin publik, nd\u00ebrkoh\u00eb q\u00eb n\u00eb realitet me m\u00ebnyr\u00ebn se si p\u00ebrdorin karikaturat politike, thjesht b\u00ebjn\u00eb t\u00eb humbas\u00eb \u00e7do lloj besimi tek ta.<br \/>\nKa akoma edhe m\u00eb keq, ata e \u201cm\u00ebsojn\u00eb\u201d opinionin publik me nocionin se p\u00ebrballje politike do t\u00eb thot\u00eb shk\u00ebmbim fyerjesh, ekzagjerimesh dhe pamund\u00ebsish.<br \/>\nPor ky agravim i vazhduesh\u00ebm politik, n\u00eb fund t\u00eb fundit, i b\u00ebn njer\u00ebzit t\u00eb mendojn\u00eb se gjith\u00e7ka \u00ebsht\u00eb nj\u00eb teat\u00ebr, ku askush nuk thot\u00eb n\u00eb t\u00eb v\u00ebrtet\u00eb at\u00eb q\u00eb mendon.<br \/>\nD.m.th do t\u00eb na ftojn\u00eb t\u00eb votojm\u00eb t\u00eb bindur p\u00ebr g\u00ebnjeshtarin m\u00eb t\u00eb talentuar, q\u00eb m\u00eb pas t\u00eb habitemi q\u00eb na g\u00ebnjeu<br \/>\nDhe sigurisht, n\u00eb k\u00ebt\u00eb m\u00ebnyr\u00eb, nj\u00eb diskutim apo debat i v\u00ebrtet\u00eb e programativ asnj\u00ebher\u00eb nuk b\u00ebhet.<br \/>\nD.m.th, n\u00eb nj\u00eb koh\u00eb kur vendi ndodhet n\u00eb mes t\u00eb nj\u00eb s\u00ebr\u00eb sfidash t\u00eb paprecedent\u00eb, n\u00eb thelb n\u00eb nj\u00eb faqeje t\u00eb re historike, nuk po diskutohet seriozisht p\u00ebr t\u00eb ardhmen, p\u00ebr strategjin\u00eb e k\u00ebrkuar, p\u00ebr propozimet e ndryshme t\u00eb partive politike, p\u00ebr konvergjencat dhe mosp\u00ebrputhjet reale.<br \/>\nDhe, n\u00ebse p\u00ebr qeverin\u00eb, t\u00eb gjitha k\u00ebto jan\u00eb sidoqoft\u00eb referenca t\u00eb vet\u00ebkuptueshme ideologjike dhe strategjike, fakti \u00ebsht\u00eb q\u00eb ajo investon n\u00eb zgjedhje ku do t\u00eb shprehen vijat e thella ndar\u00ebse, q\u00eb sot p\u00ebrshkojn\u00eb shoq\u00ebrin\u00eb, por n\u00eb t\u00eb nj\u00ebjt\u00ebn koh\u00eb do t\u00eb mbizot\u00ebroj\u00eb investimi n\u00eb logjik\u00ebn e pritshm\u00ebrive t\u00eb reduktuara, n\u00eb munges\u00ebn e nj\u00eb horizonti strategjik q\u00eb mund t\u00eb akomodoj\u00eb alternativa.<br \/>\nVe\u00e7se pak\u00ebnaq\u00ebsia pa horizont \u00ebsht\u00eb vet\u00ebm nj\u00eb kusht tjet\u00ebr i kriz\u00ebs politike, q\u00eb mund t\u00eb \u00e7oj\u00eb vet\u00ebm n\u00eb tragjedi historike.<\/p>\n","protected":false},"excerpt":{"rendered":"<p>Nga Ardi STEFA Personalisht nuk e kam problem me tonet e larta n\u00eb nj\u00eb fushat\u00eb elektorale. As me gazetarin\u00eb q\u00eb mobilizohet, \u201cmilitarizohet\u201d dhe mban nj\u00eb pozicion e q\u00ebndrim. As me influencuesit dhe opinionb\u00ebr\u00ebsit I preferoj k\u00ebto shum\u00eb m\u00eb tep\u00ebr se nj\u00eb logjik\u00eb p\u00ebrshtatshm\u00ebrie, ku t\u00eb gjitha e t\u00eb gjith\u00eb flasin sikur t\u00eb jemi mir\u00eb e &hellip;<\/p>\n","protected":false},"author":4,"featured_media":19486,"comment_status":"open","ping_status":"open","sticky":false,"template":"","format":"standard","meta":{"footnotes":""},"categories":[44],"tags":[],"class_list":["post-45846","post","type-post","status-publish","format-standard","has-post-thumbnail","","category-editorial"],"_links":{"self":[{"href":"https:\/\/rdnews.al\/index.php\/wp-json\/wp\/v2\/posts\/45846","targetHints":{"allow":["GET"]}}],"collection":[{"href":"https:\/\/rdnews.al\/index.php\/wp-json\/wp\/v2\/posts"}],"about":[{"href":"https:\/\/rdnews.al\/index.php\/wp-json\/wp\/v2\/types\/post"}],"author":[{"embeddable":true,"href":"https:\/\/rdnews.al\/index.php\/wp-json\/wp\/v2\/users\/4"}],"replies":[{"embeddable":true,"href":"https:\/\/rdnews.al\/index.php\/wp-json\/wp\/v2\/comments?post=45846"}],"version-history":[{"count":0,"href":"https:\/\/rdnews.al\/index.php\/wp-json\/wp\/v2\/posts\/45846\/revisions"}],"wp:featuredmedia":[{"embeddable":true,"href":"https:\/\/rdnews.al\/index.php\/wp-json\/wp\/v2\/media\/19486"}],"wp:attachment":[{"href":"https:\/\/rdnews.al\/index.php\/wp-json\/wp\/v2\/media?parent=45846"}],"wp:term":[{"taxonomy":"category","embeddable":true,"href":"https:\/\/rdnews.al\/index.php\/wp-json\/wp\/v2\/categories?post=45846"},{"taxonomy":"post_tag","embeddable":true,"href":"https:\/\/rdnews.al\/index.php\/wp-json\/wp\/v2\/tags?post=45846"}],"curies":[{"name":"wp","href":"https:\/\/api.w.org\/{rel}","templated":true}]}}