{"id":45890,"date":"2023-05-13T09:23:38","date_gmt":"2023-05-13T09:23:38","guid":{"rendered":"https:\/\/rdnews.al\/?p=45890"},"modified":"2023-05-13T09:23:38","modified_gmt":"2023-05-13T09:23:38","slug":"cuditem-briside-pse-ke-reaguar-keshtu-si-pjelle-e-keqe-e-komunizmit","status":"publish","type":"post","link":"https:\/\/rdnews.al\/index.php\/2023\/05\/13\/cuditem-briside-pse-ke-reaguar-keshtu-si-pjelle-e-keqe-e-komunizmit\/","title":{"rendered":"\u00c7uditem Brisid\u00eb, pse ke reaguar k\u00ebshtu si pjell\u00eb e keqe e komunizmit!"},"content":{"rendered":"<p><strong>Nga Edmond SPAHO<\/strong><\/p>\n<p>Shum\u00eb e dashur Brisid\u00eb!<\/p>\n<p>Kam nj\u00eb dit\u00eb t\u00eb t\u00ebr\u00eb q\u00eb po p\u00ebrpiqem t\u00eb komunikoj me ty p\u00ebr postimin q\u00eb ke b\u00ebr\u00eb, por ma ke mbyllur telefonin.<\/p>\n<p>Jam takuar me ty n\u00eb Kolanec dhe jemi shkrir\u00eb nj\u00ebri me tjetrin kur kemi biseduar p\u00ebr zgjedhjet e 14 majit dhe \u00e7\u00ebshtje t\u00eb tjera, sa edhe gruaja ime u b\u00eb xheloze. Si munde t\u00eb ndryshosh k\u00ebshtu Brisid\u00eb?!<\/p>\n<p>Kam folur p\u00ebr Klemin q\u00eb e njoh nga larg dhe respektohemi reciprokisht, por edhe p\u00ebr Bujarin q\u00eb e kam pasur epror dhe e kam vler\u00ebsuar. K\u00ebt\u00eb ia thash\u00eb shum\u00eb t\u00eb majt\u00ebve at\u00eb dit\u00eb n\u00eb Kolanec, kur pim\u00eb s\u00eb bashku nj\u00eb got\u00eb raki, me insistimin e tyre p\u00ebr t\u00eb m\u00eb respektuar.<\/p>\n<p>\u00c7uditem Brisid\u00eb se p\u00ebrse ke reaguar k\u00ebshtu si pjell\u00eb e keqe e komunizmit.<\/p>\n<p>Brisid\u00eb, t\u00eb kam telefonuar, por m\u00eb ke mbyllur telefonin megjith\u00ebse kemi shum\u00eb miq t\u00eb p\u00ebrbashk\u00ebt. Ki kurajo dhe ballafaqohu!<\/p>\n<p>Turp q\u00eb i thua gomar, dikujt q\u00eb hyn n\u00eb rrethin t\u00ebnd shoq\u00ebror. Po sikur un\u00eb t\u00eb t\u00eb quaj ty gomaric\u00eb?!<\/p>\n<p>Un\u00eb nuk t\u00eb quaj ty gomaric\u00eb, sepse ti nuk je dhe nuk ma lejon edukata.<\/p>\n<p>P\u00ebrmbahu Brisid\u00eb, mos lejo q\u00eb zgjedhjet t\u00eb t\u00eb kapllojn\u00eb logjik\u00ebn dhe t\u00eb b\u00ebsh sulme t\u00eb ndyra. Ti mund t\u00eb vuash v\u00ebshtir\u00ebsit\u00eb q\u00eb po kalon PS, por nuk \u00ebsht\u00eb faji im. Ka nj\u00eb zem\u00ebrim t\u00eb heshtur n\u00eb popull q\u00eb do t\u00eb zbrazet n\u00eb 14 Maj.<\/p>\n<p>Brisid\u00eb, jeta p\u00ebr ty nuk mbaron me Edi Ram\u00ebn q\u00eb po mbytet n\u00eb uj\u00ebrat e zeza t\u00eb Lan\u00ebs.<\/p>\n<p>Ruaj logjiken dhe mos u sill si teto Polikseni, Laja e kull\u00ebs s\u00eb barit apo hallo Lenka. T\u00eb uroj m\u00eb t\u00eb mirat dhe me shpres\u00eb q\u00eb do t\u00eb vijn\u00eb m\u00ebnt\u00eb e kok\u00ebs.<\/p>\n<p>T\u00eb fala miqve t\u00eb p\u00ebrbashk\u00ebt dhe zarbove t\u00eb Tem\u00ebs!<\/p>\n<p><em>*Replik\u00eb e publikuar n\u00eb profilin e z. Edmond Spaho, drejtuar znj.\u00a0Brizida Gjikondi.<\/em><\/p>\n","protected":false},"excerpt":{"rendered":"<p>Nga Edmond SPAHO Shum\u00eb e dashur Brisid\u00eb! Kam nj\u00eb dit\u00eb t\u00eb t\u00ebr\u00eb q\u00eb po p\u00ebrpiqem t\u00eb komunikoj me ty p\u00ebr postimin q\u00eb ke b\u00ebr\u00eb, por ma ke mbyllur telefonin. Jam takuar me ty n\u00eb Kolanec dhe jemi shkrir\u00eb nj\u00ebri me tjetrin kur kemi biseduar p\u00ebr zgjedhjet e 14 majit dhe \u00e7\u00ebshtje t\u00eb tjera, sa edhe &hellip;<\/p>\n","protected":false},"author":4,"featured_media":45891,"comment_status":"open","ping_status":"open","sticky":false,"template":"","format":"standard","meta":{"footnotes":""},"categories":[44],"tags":[],"class_list":["post-45890","post","type-post","status-publish","format-standard","has-post-thumbnail","","category-editorial"],"_links":{"self":[{"href":"https:\/\/rdnews.al\/index.php\/wp-json\/wp\/v2\/posts\/45890","targetHints":{"allow":["GET"]}}],"collection":[{"href":"https:\/\/rdnews.al\/index.php\/wp-json\/wp\/v2\/posts"}],"about":[{"href":"https:\/\/rdnews.al\/index.php\/wp-json\/wp\/v2\/types\/post"}],"author":[{"embeddable":true,"href":"https:\/\/rdnews.al\/index.php\/wp-json\/wp\/v2\/users\/4"}],"replies":[{"embeddable":true,"href":"https:\/\/rdnews.al\/index.php\/wp-json\/wp\/v2\/comments?post=45890"}],"version-history":[{"count":0,"href":"https:\/\/rdnews.al\/index.php\/wp-json\/wp\/v2\/posts\/45890\/revisions"}],"wp:featuredmedia":[{"embeddable":true,"href":"https:\/\/rdnews.al\/index.php\/wp-json\/wp\/v2\/media\/45891"}],"wp:attachment":[{"href":"https:\/\/rdnews.al\/index.php\/wp-json\/wp\/v2\/media?parent=45890"}],"wp:term":[{"taxonomy":"category","embeddable":true,"href":"https:\/\/rdnews.al\/index.php\/wp-json\/wp\/v2\/categories?post=45890"},{"taxonomy":"post_tag","embeddable":true,"href":"https:\/\/rdnews.al\/index.php\/wp-json\/wp\/v2\/tags?post=45890"}],"curies":[{"name":"wp","href":"https:\/\/api.w.org\/{rel}","templated":true}]}}