{"id":46026,"date":"2023-05-14T12:58:19","date_gmt":"2023-05-14T12:58:19","guid":{"rendered":"https:\/\/rdnews.al\/?p=46026"},"modified":"2023-05-14T12:58:19","modified_gmt":"2023-05-14T12:58:19","slug":"kreu-i-njesise-2-ne-tirane-hyn-ne-qendren-e-votimit-dhe-intimidon-qytetaret","status":"publish","type":"post","link":"https:\/\/rdnews.al\/index.php\/2023\/05\/14\/kreu-i-njesise-2-ne-tirane-hyn-ne-qendren-e-votimit-dhe-intimidon-qytetaret\/","title":{"rendered":"Kreu i Nj\u00ebsis\u00eb 2 n\u00eb Tiran\u00eb hyn n\u00eb qendr\u00ebn e votimit dhe intimidon qytetar\u00ebt"},"content":{"rendered":"<p>Zgjedhjet lokale q\u00eb po zhvillohen dit\u00ebn e sotme n\u00eb vendin ton\u00eb nuk kan\u00eb kaluar pa probleme.<\/p>\n<p>Mes disa rasteve t\u00eb denoncuara p\u00ebr parregullsi gjat\u00eb dit\u00ebs s\u00eb sotme, nj\u00eb tjet\u00ebr shkelje flagrante ka ndodhur n\u00eb nj\u00eb prej qendrave t\u00eb votimit n\u00eb kryeqytet.<\/p>\n<p>Pik\u00ebrisht n\u00eb Shkoll\u00ebn \u201cMihal Grameno, shihet kreu i nj\u00ebsis\u00eb bashkiake num\u00ebr 2, Florian Pullazi, i cili ka hyr\u00eb bashk\u00eb me t\u00eb v\u00ebllan\u00eb n\u00eb ambientet e brendshme, duke shantazhuar votuesit.<\/p>\n<p>Pullazi \u00ebsht\u00eb futur brenda qendr\u00ebs s\u00eb votimit, duke shoq\u00ebruar qytetar\u00ebt e duke k\u00ebrkuar vota p\u00ebr Erion Veliajn.<\/p>\n<h1><\/h1>\n","protected":false},"excerpt":{"rendered":"<p>Zgjedhjet lokale q\u00eb po zhvillohen dit\u00ebn e sotme n\u00eb vendin ton\u00eb nuk kan\u00eb kaluar pa probleme. Mes disa rasteve t\u00eb denoncuara p\u00ebr parregullsi gjat\u00eb dit\u00ebs s\u00eb sotme, nj\u00eb tjet\u00ebr shkelje flagrante ka ndodhur n\u00eb nj\u00eb prej qendrave t\u00eb votimit n\u00eb kryeqytet. Pik\u00ebrisht n\u00eb Shkoll\u00ebn \u201cMihal Grameno, shihet kreu i nj\u00ebsis\u00eb bashkiake num\u00ebr 2, Florian Pullazi, &hellip;<\/p>\n","protected":false},"author":4,"featured_media":46027,"comment_status":"open","ping_status":"open","sticky":false,"template":"","format":"standard","meta":{"footnotes":""},"categories":[37],"tags":[],"class_list":["post-46026","post","type-post","status-publish","format-standard","has-post-thumbnail","","category-politike"],"_links":{"self":[{"href":"https:\/\/rdnews.al\/index.php\/wp-json\/wp\/v2\/posts\/46026","targetHints":{"allow":["GET"]}}],"collection":[{"href":"https:\/\/rdnews.al\/index.php\/wp-json\/wp\/v2\/posts"}],"about":[{"href":"https:\/\/rdnews.al\/index.php\/wp-json\/wp\/v2\/types\/post"}],"author":[{"embeddable":true,"href":"https:\/\/rdnews.al\/index.php\/wp-json\/wp\/v2\/users\/4"}],"replies":[{"embeddable":true,"href":"https:\/\/rdnews.al\/index.php\/wp-json\/wp\/v2\/comments?post=46026"}],"version-history":[{"count":0,"href":"https:\/\/rdnews.al\/index.php\/wp-json\/wp\/v2\/posts\/46026\/revisions"}],"wp:featuredmedia":[{"embeddable":true,"href":"https:\/\/rdnews.al\/index.php\/wp-json\/wp\/v2\/media\/46027"}],"wp:attachment":[{"href":"https:\/\/rdnews.al\/index.php\/wp-json\/wp\/v2\/media?parent=46026"}],"wp:term":[{"taxonomy":"category","embeddable":true,"href":"https:\/\/rdnews.al\/index.php\/wp-json\/wp\/v2\/categories?post=46026"},{"taxonomy":"post_tag","embeddable":true,"href":"https:\/\/rdnews.al\/index.php\/wp-json\/wp\/v2\/tags?post=46026"}],"curies":[{"name":"wp","href":"https:\/\/api.w.org\/{rel}","templated":true}]}}