{"id":46088,"date":"2023-05-15T10:12:52","date_gmt":"2023-05-15T10:12:52","guid":{"rendered":"https:\/\/rdnews.al\/?p=46088"},"modified":"2023-05-15T10:12:52","modified_gmt":"2023-05-15T10:12:52","slug":"e-keqja-eshte-institucionalizuar-tashme-ne-vendin-tone","status":"publish","type":"post","link":"https:\/\/rdnews.al\/index.php\/2023\/05\/15\/e-keqja-eshte-institucionalizuar-tashme-ne-vendin-tone\/","title":{"rendered":"E keqja \u00ebsht\u00eb institucionalizuar tashm\u00eb n\u00eb vendin ton\u00eb!"},"content":{"rendered":"<p><strong>Nga Lu\u00e7iano BO\u00c7I<\/strong><\/p>\n<p>Me mir\u00ebnjohje dua t\u00eb falenderoj t\u00eb gjith\u00eb qytetar\u00ebt, banor\u00ebt e bashkis\u00eb s\u00eb Elbasanit q\u00eb dol\u00ebn p\u00ebr t\u00eb votuar.<\/p>\n<p>Dua t\u00eb falenderoj t\u00eb gjith\u00eb ata q\u00eb m\u00eb besuan dhe m\u00eb mb\u00ebshtet\u00ebn me pasionin p\u00ebr ndryshimin.<\/p>\n<p>Dua t\u00eb falenderoj gjithashtu t\u00eb gjith\u00eb v\u00ebzhguesit, komisioner\u00ebt, drejtuesit politik\u00eb dhe bashk\u00ebpun\u00ebtor\u00ebt e mi t\u00eb af\u00ebrt me t\u00eb cil\u00ebt ndam\u00eb k\u00ebt\u00eb rrug\u00ebtim t\u00eb v\u00ebshtir\u00eb, por t\u00eb bukur, i cili m\u00eb afroi edhe m\u00eb tej me qytetar\u00ebt e mi dhe me qytetin t\u00eb cilit i p\u00ebrkas.<\/p>\n<p>Rezultati i k\u00ebtyre\u00a0zgjedhjeve mbart nj\u00eb num\u00ebr element\u00ebsh t\u00eb kontestuesh\u00ebm, q\u00eb media i d\u00ebshmoi dhe konfirmoi n\u00eb Elbasan p\u00ebrgjat\u00eb k\u00ebsaj dite.<\/p>\n<p>E keqja \u00ebsht\u00eb institucionalizuar tashm\u00eb n\u00eb vendin ton\u00eb dhe pajtimi me t\u00eb shpresoj t\u00eb jet\u00eb thjesht nj\u00eb episod.<\/p>\n<p>Njeriu nuk resht asnj\u00ebher\u00eb s\u00eb luftuari m\u00eb t\u00eb!<\/p>\n","protected":false},"excerpt":{"rendered":"<p>Nga Lu\u00e7iano BO\u00c7I Me mir\u00ebnjohje dua t\u00eb falenderoj t\u00eb gjith\u00eb qytetar\u00ebt, banor\u00ebt e bashkis\u00eb s\u00eb Elbasanit q\u00eb dol\u00ebn p\u00ebr t\u00eb votuar. Dua t\u00eb falenderoj t\u00eb gjith\u00eb ata q\u00eb m\u00eb besuan dhe m\u00eb mb\u00ebshtet\u00ebn me pasionin p\u00ebr ndryshimin. Dua t\u00eb falenderoj gjithashtu t\u00eb gjith\u00eb v\u00ebzhguesit, komisioner\u00ebt, drejtuesit politik\u00eb dhe bashk\u00ebpun\u00ebtor\u00ebt e mi t\u00eb af\u00ebrt me t\u00eb &hellip;<\/p>\n","protected":false},"author":4,"featured_media":38642,"comment_status":"open","ping_status":"open","sticky":false,"template":"","format":"standard","meta":{"footnotes":""},"categories":[44],"tags":[],"class_list":["post-46088","post","type-post","status-publish","format-standard","has-post-thumbnail","","category-editorial"],"_links":{"self":[{"href":"https:\/\/rdnews.al\/index.php\/wp-json\/wp\/v2\/posts\/46088","targetHints":{"allow":["GET"]}}],"collection":[{"href":"https:\/\/rdnews.al\/index.php\/wp-json\/wp\/v2\/posts"}],"about":[{"href":"https:\/\/rdnews.al\/index.php\/wp-json\/wp\/v2\/types\/post"}],"author":[{"embeddable":true,"href":"https:\/\/rdnews.al\/index.php\/wp-json\/wp\/v2\/users\/4"}],"replies":[{"embeddable":true,"href":"https:\/\/rdnews.al\/index.php\/wp-json\/wp\/v2\/comments?post=46088"}],"version-history":[{"count":0,"href":"https:\/\/rdnews.al\/index.php\/wp-json\/wp\/v2\/posts\/46088\/revisions"}],"wp:featuredmedia":[{"embeddable":true,"href":"https:\/\/rdnews.al\/index.php\/wp-json\/wp\/v2\/media\/38642"}],"wp:attachment":[{"href":"https:\/\/rdnews.al\/index.php\/wp-json\/wp\/v2\/media?parent=46088"}],"wp:term":[{"taxonomy":"category","embeddable":true,"href":"https:\/\/rdnews.al\/index.php\/wp-json\/wp\/v2\/categories?post=46088"},{"taxonomy":"post_tag","embeddable":true,"href":"https:\/\/rdnews.al\/index.php\/wp-json\/wp\/v2\/tags?post=46088"}],"curies":[{"name":"wp","href":"https:\/\/api.w.org\/{rel}","templated":true}]}}