{"id":46198,"date":"2023-05-17T08:51:00","date_gmt":"2023-05-17T08:51:00","guid":{"rendered":"https:\/\/rdnews.al\/?p=46198"},"modified":"2023-05-17T08:51:00","modified_gmt":"2023-05-17T08:51:00","slug":"shkoder-locja-jone-nuk-ka-ra","status":"publish","type":"post","link":"https:\/\/rdnews.al\/index.php\/2023\/05\/17\/shkoder-locja-jone-nuk-ka-ra\/","title":{"rendered":"Shkod\u00ebr locja jon\u00eb nuk ka r\u00e0!"},"content":{"rendered":"<p><strong>Nga Agim ABDYLI<\/strong><\/p>\n<p>Shkoder locja jone nuk ka r\u00e0!<br \/>\nAs dje, as sod, as neser, as kurre!<br \/>\nKot nuk e kena thirre Shkoder loce. Kot nuk e thrrasim Shkoder lo\u00e7ka!<br \/>\nSe e kena babe e nane. Se e kena nane e permi nane!<br \/>\nSe e kena zemer e m\u00e0 t\u2019shtrejte se zemren.<br \/>\nE kena jete!<br \/>\nDhe na ka fryme.<br \/>\nEdhe shpirt \u2026 ashtu si\u00e7 e kena edhe na, shpirt e permi shpirt!<br \/>\nSe, e kena m\u00e0 t\u2019miren prej tanve.<br \/>\nDhe m\u00e0 t\u2019kerkumen e t\u2019lakmumen \u2026<br \/>\nPrej anmiqve e t\u2019ligjve. T\u00eb gjithfar\u00eb ngjyrash e rracash.<br \/>\nE ideologjish \u2026 dhe kombesh.<br \/>\nMe tituj car\u00ebsh e krajl\u00ebsh. T\u00eb larg\u00ebt e t\u00eb af\u00ebrt \u2026 deri edhe bijsh e bijash gjakprishun, besprem\u00eb e te shitun te i huaji.<br \/>\nN\u00eb shekuj e dekada Shkoder locja u gjet e rrethume dhe e sulmueme, por kurre e pushtume.<br \/>\nSepse kurre nuk pushtohet Shkoder lo\u00e7ka.<br \/>\nPash hatrin e Zotit, a nuk e pau nji komb mbar\u00eb edhe n\u00eb 1990-en se si Shkodra jon\u00eb s\u2019kish mujt\u00eb me u pushtu as gjat\u00eb nji gjyse shekulli diktature komuniste?<br \/>\nT\u00eb nji prej diktaturave m\u00e0 kriminale t\u00eb historise moderne t\u00eb botes?<br \/>\nSepse asaj mund t\u2019i hysh mrenda me rrengun e mashtrimit, me thundren e pushtimit dhe me blemjen e varfnis\u00eb por, s\u2019mundesh kurr\u00eb me ja pushtu shpirtin.<br \/>\nSe dalkadal\u00eb Shkodra t\u2019ban me e mallku diten kur e ke mashtru, diten kur e ke rrejt\u00eb, diten kur e ke shkel\u00eb pa t\u2019ftu, diten kur ke synu me ja shkel\u00eb nder e dinjitet, diten kur e ke vjedh\u00eb, diten kur e ke tradhtu, diten kur ke synu me ju b\u00e0 zot n\u2019shpi t\u2019saj!<br \/>\nShkoder h\u00e9 ta hangsha lo\u00e7ken!<br \/>\nShkodra e herojve te kombit, Shkodra e Oso Kukes dhe e dhjetra herojve antifashist\u00eb e antikomuniste.<br \/>\nTi lo\u00e7ka jeme- vendlindja dhe djepi i qindra e mijra atdhetarve, komb-dalzotesve, rilindasve, shkrimtarve, artistave, sportistave, shkencetarve, njerzve shpirt-lir\u00eb.<br \/>\nTi Locja jone nuk ke r\u00e0 dje!<br \/>\nSe ti nuk bjen kurre, nuk rr\u2019xohesh kurre.<br \/>\nTi vetem se naivisht u vodhe, u grabite \u2026 p\u00ebr fajin tone.<br \/>\nPer fajin e bijve dhe bijave tuaja qi e bam\u00eb \u201cpushim\u201d- diten kur s\u2019duhej t\u2019pushojshim, qi fjetem-naten kur s\u2019duhej me fjet\u00eb, qi nuk t\u2019mbrojtme- diten kur t\u2019u deshtme m\u00e0 shume, qi t\u2019braktisme- n\u2019diten qi duhej me t\u2019ndej p\u00ebrreth!<br \/>\nPer fajin tone qi nuk t\u2019rujtme kur Djalli po ta grabiste diten per diell vullnetin me zgjedh\u00eb dhe, po t\u00eb plagoste shpirtin e madh per liri e demokraci.<br \/>\nNa fal Ti Lokja e Fishtes dhe e Koliqit, e Mjedes dhe e Calit, e Kukes dhe Bushatit, e Camajt dhe Krajes, e Markut dhe Topallit, e Kastratit dhe Kazazit.<br \/>\nUne e di se ke me na fal\u00eb. Se ti je Nane me zemer t\u2019madhe e shpirt sa gjithsia.<br \/>\nDhe une e di se ke me na fal\u00eb. Pikrisht se ti e din fort mire Locja jone se s\u2019bashku kena hal\u00e0 nji detyre pa e krye, nji mision t\u2019nisun e hal\u00e0 n\u00eb gjys\u00eb t\u00eb rruges, nji betim pa realizue!<br \/>\nKena nji 1990- qi na duhet me e ri-b\u00e0.<br \/>\nSa m\u00e0 shpejt qi t\u2019jet\u00eb e mujtun.<br \/>\nSa m\u00e0 shpejt qi t\u2019bahena gadi!<br \/>\nMe e b\u00e0 shume m\u00e0 mire \u2026 tuj ja nise po kje nevoja edhe me rrezimin kesaj radhe t\u00eb busteve t\u00eb gjalla t\u00eb Stalin\u00ebve t\u00eb Tiranes.<br \/>\nDhe kush m\u00e0 mire se shkodran\u2019t ka dit\u00eb nd\u00ebr shekuj t\u2019vjeter e t\u2019rij, me u bet\u00f9 \u201cn\u00eb nderin e Nanes\u201d dhe n\u00eb dinjitetin e Shkoder loces?<br \/>\nLe t\u2019bahet nji betim qi duhet mbajt\u00eb, nji betim n\u2019emen t\u2019Zotit e t\u2019Shkoder loces!<\/p>\n","protected":false},"excerpt":{"rendered":"<p>Nga Agim ABDYLI Shkoder locja jone nuk ka r\u00e0! As dje, as sod, as neser, as kurre! Kot nuk e kena thirre Shkoder loce. Kot nuk e thrrasim Shkoder lo\u00e7ka! Se e kena babe e nane. Se e kena nane e permi nane! Se e kena zemer e m\u00e0 t\u2019shtrejte se zemren. E kena jete! &hellip;<\/p>\n","protected":false},"author":4,"featured_media":46199,"comment_status":"open","ping_status":"open","sticky":false,"template":"","format":"standard","meta":{"footnotes":""},"categories":[44],"tags":[],"class_list":["post-46198","post","type-post","status-publish","format-standard","has-post-thumbnail","","category-editorial"],"_links":{"self":[{"href":"https:\/\/rdnews.al\/index.php\/wp-json\/wp\/v2\/posts\/46198","targetHints":{"allow":["GET"]}}],"collection":[{"href":"https:\/\/rdnews.al\/index.php\/wp-json\/wp\/v2\/posts"}],"about":[{"href":"https:\/\/rdnews.al\/index.php\/wp-json\/wp\/v2\/types\/post"}],"author":[{"embeddable":true,"href":"https:\/\/rdnews.al\/index.php\/wp-json\/wp\/v2\/users\/4"}],"replies":[{"embeddable":true,"href":"https:\/\/rdnews.al\/index.php\/wp-json\/wp\/v2\/comments?post=46198"}],"version-history":[{"count":0,"href":"https:\/\/rdnews.al\/index.php\/wp-json\/wp\/v2\/posts\/46198\/revisions"}],"wp:featuredmedia":[{"embeddable":true,"href":"https:\/\/rdnews.al\/index.php\/wp-json\/wp\/v2\/media\/46199"}],"wp:attachment":[{"href":"https:\/\/rdnews.al\/index.php\/wp-json\/wp\/v2\/media?parent=46198"}],"wp:term":[{"taxonomy":"category","embeddable":true,"href":"https:\/\/rdnews.al\/index.php\/wp-json\/wp\/v2\/categories?post=46198"},{"taxonomy":"post_tag","embeddable":true,"href":"https:\/\/rdnews.al\/index.php\/wp-json\/wp\/v2\/tags?post=46198"}],"curies":[{"name":"wp","href":"https:\/\/api.w.org\/{rel}","templated":true}]}}