{"id":46267,"date":"2023-05-18T08:44:19","date_gmt":"2023-05-18T08:44:19","guid":{"rendered":"https:\/\/rdnews.al\/?p=46267"},"modified":"2023-05-18T08:44:19","modified_gmt":"2023-05-18T08:44:19","slug":"paloka-alibeaj-u-dorehoq-nga-nje-post-qe-nuk-e-ka-e-mbaroi-misionin","status":"publish","type":"post","link":"https:\/\/rdnews.al\/index.php\/2023\/05\/18\/paloka-alibeaj-u-dorehoq-nga-nje-post-qe-nuk-e-ka-e-mbaroi-misionin\/","title":{"rendered":"Paloka: Alibeaj u dor\u00ebhoq nga nj\u00eb post q\u00eb nuk e ka, e mbaroi misionin!"},"content":{"rendered":"<p>Deputeti i Partis\u00eb Demokratike, Edi Paloka shprehet se ish-kryeministri Berisha nuk duhet t\u00eb t\u00ebrhiqet nga pozicioni q\u00eb ka pasi kjo \u00ebsht\u00eb nj\u00eb k\u00ebrkes\u00eb q\u00eb vjen nga kryeministri Rama. Ai tha se koalicioni \u201cBashk\u00eb Fitojm\u00eb\u201d megjith\u00ebse nuk kishte num\u00ebrues dhe komisioner\u00eb, arriti t\u00eb marr\u00eb mbi 500 mij\u00eb vota.<\/p>\n<p>\u201cNe e dim\u00eb realitetin, ky \u00ebsht\u00eb realiteti. E dim\u00eb q\u00eb i vjedhin, manipulojn\u00eb. Ne duhet t\u00eb marrim p\u00ebrgjegj\u00ebsin\u00eb p\u00ebr tu p\u00ebrballur me k\u00ebta. Ju i pat\u00eb vet\u00eb si shkuan zgjedhjet. P\u00ebrgjegj\u00ebsit\u00eb tona jan\u00eb ato q\u00eb u thash\u00eb. Ne p\u00ebrballemi me nj\u00eb realitet q\u00eb \u00ebsht\u00eb ky, nj\u00eb qeveri q\u00eb vjedh dhe manipulon. Ju po e b\u00ebni si ai \u00e7obani me lop\u00ebn q\u00eb i thon\u00eb ke faj. Ose t\u00eb p\u00ebrballemi ose t\u00eb shkojm\u00eb t\u00eb gjith\u00eb n\u00eb sht\u00ebpi. Asnj\u00eb hap s\u2019ka pse t\u00eb b\u00ebj\u00eb pas Berisha se e k\u00ebrkon Rama. E k\u00ebrkojn\u00eb k\u00ebt\u00eb q\u00eb t\u00eb shkalafitet opozita. Ju po thoni hajde ti japim nj\u00eb dor\u00eb Ram\u00ebs\u201d, tha Paloka.<\/p>\n<p>I pyetur p\u00ebr dor\u00ebheqjen e Enkelejd Alibeajt si kryetar i komanduar i PD-s\u00eb, nj\u00eb dit\u00eb m\u00eb par\u00eb, Paloka tha se \u201cNuk dor\u00ebhiqet nj\u00eb njeri nga nj\u00eb post q\u00eb nuk e ka pasur kurr\u00eb. Alibeaj e mbaroi misionin, aq ia kishin caktuar. Ai e \u00e7oi misionin deri n\u00eb fund. Koalicioni \u201cbashk\u00eb fitojm\u00eb\u201d mori mbi 500 mij\u00eb vota, pa pasur komisioner\u00eb, sig\u00ebl, financim, num\u00ebrues. Un\u00eb e kam th\u00ebn\u00eb m\u00eb shum\u00eb se nj\u00eb her\u00eb, ky \u00ebsht\u00eb realiteti\u201d.<\/p>\n","protected":false},"excerpt":{"rendered":"<p>Deputeti i Partis\u00eb Demokratike, Edi Paloka shprehet se ish-kryeministri Berisha nuk duhet t\u00eb t\u00ebrhiqet nga pozicioni q\u00eb ka pasi kjo \u00ebsht\u00eb nj\u00eb k\u00ebrkes\u00eb q\u00eb vjen nga kryeministri Rama. Ai tha se koalicioni \u201cBashk\u00eb Fitojm\u00eb\u201d megjith\u00ebse nuk kishte num\u00ebrues dhe komisioner\u00eb, arriti t\u00eb marr\u00eb mbi 500 mij\u00eb vota. \u201cNe e dim\u00eb realitetin, ky \u00ebsht\u00eb realiteti. E &hellip;<\/p>\n","protected":false},"author":4,"featured_media":0,"comment_status":"open","ping_status":"open","sticky":false,"template":"","format":"standard","meta":{"footnotes":""},"categories":[37],"tags":[],"class_list":["post-46267","post","type-post","status-publish","format-standard","","category-politike"],"_links":{"self":[{"href":"https:\/\/rdnews.al\/index.php\/wp-json\/wp\/v2\/posts\/46267","targetHints":{"allow":["GET"]}}],"collection":[{"href":"https:\/\/rdnews.al\/index.php\/wp-json\/wp\/v2\/posts"}],"about":[{"href":"https:\/\/rdnews.al\/index.php\/wp-json\/wp\/v2\/types\/post"}],"author":[{"embeddable":true,"href":"https:\/\/rdnews.al\/index.php\/wp-json\/wp\/v2\/users\/4"}],"replies":[{"embeddable":true,"href":"https:\/\/rdnews.al\/index.php\/wp-json\/wp\/v2\/comments?post=46267"}],"version-history":[{"count":0,"href":"https:\/\/rdnews.al\/index.php\/wp-json\/wp\/v2\/posts\/46267\/revisions"}],"wp:attachment":[{"href":"https:\/\/rdnews.al\/index.php\/wp-json\/wp\/v2\/media?parent=46267"}],"wp:term":[{"taxonomy":"category","embeddable":true,"href":"https:\/\/rdnews.al\/index.php\/wp-json\/wp\/v2\/categories?post=46267"},{"taxonomy":"post_tag","embeddable":true,"href":"https:\/\/rdnews.al\/index.php\/wp-json\/wp\/v2\/tags?post=46267"}],"curies":[{"name":"wp","href":"https:\/\/api.w.org\/{rel}","templated":true}]}}