{"id":46349,"date":"2023-05-19T09:49:08","date_gmt":"2023-05-19T09:49:08","guid":{"rendered":"https:\/\/rdnews.al\/?p=46349"},"modified":"2023-05-19T09:49:08","modified_gmt":"2023-05-19T09:49:08","slug":"berisha-revolta-e-spacit-shenon-kulmin-e-guximit-njerezor-dhe-qendreses-per-liri-dhe-dinjitet","status":"publish","type":"post","link":"https:\/\/rdnews.al\/index.php\/2023\/05\/19\/berisha-revolta-e-spacit-shenon-kulmin-e-guximit-njerezor-dhe-qendreses-per-liri-dhe-dinjitet\/","title":{"rendered":"Berisha: Revolta e Spa\u00e7it sh\u00ebnon kulmin e guximit njer\u00ebzor dhe q\u00ebndres\u00ebs p\u00ebr liri dhe dinjitet"},"content":{"rendered":"<p>Kryetari i PD, Sali Berisha tha sot n\u00eb konferenc\u00ebn e organizuar me rastin e 50-vjetorit t\u00eb Revolt\u00ebs s\u00eb Spa\u00e7it, se kjo kryengritje sh\u00ebnon kulmin e guximit njer\u00ebzor.<\/p>\n<p>\u201cMblidhemi sot p\u00ebr t\u00eb nderuar nj\u00ebr\u00ebn nga ngjarjet m\u00eb t\u00eb jasht\u00ebzakonshme n\u00eb luft\u00ebn, p\u00ebrpjekjet e njeriut p\u00ebr liri dhe dinjitet.\u00a0Revolta e Spa\u00e7it, kryengritja e Spa\u00e7it, sh\u00ebnon pa diskutim kulmin e guximit njer\u00ebzor, sh\u00ebnon aktin m\u00eb t\u00eb ndritur t\u00eb q\u00ebndres\u00ebs s\u00eb njeriut p\u00ebr dinjitet dhe liri.<\/p>\n<p>Spa\u00e7i \u00ebsht\u00eb nj\u00eb vend nga m\u00eb t\u00eb izoluarit. K\u00ebtij izolimi i shtoheshin t\u00eb gjitha masat dhe rrethimet e siguris\u00eb s\u00eb kampit t\u00eb p\u00ebrqendrimit.\u00a0T\u00eb burgosurit n\u00eb k\u00ebt\u00eb burg, t\u00eb vet\u00ebdijsh\u00ebm se nuk kan\u00eb asnj\u00eb shans p\u00ebr t\u00eb fituar kauz\u00ebn e tyre, vendos\u00ebn t\u00eb firmosin ekzekutimin me aktin q\u00eb ata b\u00ebn\u00eb, me revolt\u00ebn q\u00eb ata organizuan.<\/p>\n<p>N\u00eb k\u00ebt\u00eb kontekst, po t\u00eb kemi parasysh se ata jan\u00eb n\u00eb krye t\u00eb heroizmit t\u00eb njeriut, ata ishin burgosur p\u00ebr kund\u00ebrshtim ndaj regjimit, por midis asaj q\u00eb t\u00eb vazhdonin t\u00eb kalonin dit\u00ebt e d\u00ebnimit dhe t\u00eb prisnin q\u00eb nj\u00eb dit\u00eb t\u00eb mund t\u00eb dilnin jasht\u00eb burgut dhe kampit, ata zgjodh\u00ebn sfid\u00ebn me sakrific\u00eb sublime.<\/p>\n<p>Pal Zefi, Sk\u00ebnder Daja, Dervish Peka, Haj\u00ebr Pashai dhe shum\u00eb heronj t\u00eb tjer\u00eb lan\u00eb nj\u00eb mesazh t\u00eb shkruar me jet\u00ebn e tyre, me sakrific\u00ebn e tyre sublime, ndoshta mesazhin m\u00eb t\u00eb \u00e7muar p\u00ebr njeriun.<\/p>\n<p>\u00cbsht\u00eb p\u00ebrdorur nj\u00eb slogan gjer\u00ebsisht: m\u00eb mir\u00eb i vdekur se i kuq, por mesazhi i tyre \u00ebsht\u00eb m\u00eb mir\u00eb i vdekur se pa dinjitet, se sa pa liri.\u00a0Kjo ishte sfida absolute q\u00eb ata i b\u00ebnin regjimit mizor. Ky \u00ebsht\u00eb edhe mesazhi m\u00eb i fuqish\u00ebm ata i japin njeriut t\u00eb qytet\u00ebruar.<\/p>\n<p>Heronjt\u00eb e Spa\u00e7it n\u00eb kryengritjen e tyre nuk kishin asnj\u00eb lloj mb\u00ebshtetje apo solidarizimi, p\u00ebrve\u00e7 nj\u00ebri-tjetrit. Ata ishin t\u00eb vet\u00ebdijsh\u00ebm p\u00ebr eg\u00ebrsin\u00eb dhe barbarin\u00eb e xhelat\u00ebve t\u00eb regjimit. Arm\u00ebt dhe mjetet. Por ata sh\u00ebnuan kulme t\u00eb heroizmit shqiptar, pasi vendos\u00ebn t\u00eb vdesin p\u00ebr ato \u00e7ka njeriu ka m\u00eb t\u00eb shenjta, m\u00eb t\u00eb shtrenjta, p\u00ebr dinjitetin e tij, p\u00ebr lirit\u00eb e tij.<\/p>\n<p>Frym\u00ebzimi nga kjo ngjarje, inspirimi i njeriut nga kjo ngjarje, nga sakrifica sublime dhe heroizmi i Sk\u00ebnder Daj\u00ebs, Dervish Pek\u00ebs dhe heronjve t\u00eb tjer\u00eb \u00ebsht\u00eb i p\u00ebrjetsh\u00ebm p\u00ebr njeriun.<\/p>\n<p>Sot ne i nderojm\u00eb ata n\u00eb 50-vjetorin e r\u00ebnies dhe nd\u00ebrkoh\u00eb q\u00eb n\u00eb krye n\u00eb pushtet, q\u00ebndrojn\u00eb pasardh\u00ebsit e atyre xhelat\u00ebve q\u00eb ekzekutuan me gjyq special n\u00eb kampin e Spa\u00e7it heronjt\u00eb e k\u00ebsaj revolte. Dhe q\u00eb i d\u00ebnuan mbi 80 prej tyre me d\u00ebnime nga m\u00eb t\u00eb r\u00ebndat.<\/p>\n<p>N\u00eb 32 vite, e kam th\u00ebn\u00eb dhe e them, n\u00eb momente kritike p\u00ebr PD-n\u00eb, t\u00eb p\u00ebrndjekurit politik\u00eb kan\u00eb luajtur rol vendimtar n\u00eb mbijetes\u00ebn e k\u00ebsaj partie.\u00a0N\u00eb k\u00ebt\u00eb kontekst, un\u00eb dua t\u2019u siguroj ju, dua t\u00eb siguroj k\u00ebt\u00eb shtres\u00eb se PD mbetet pafund\u00ebsisht mir\u00ebnjoh\u00ebse p\u00ebr kontributin e tyre t\u00eb jasht\u00ebzakonsh\u00ebm.<\/p>\n<p>Sikund\u00ebr, si parti e vlerave konservatore, e liris\u00eb dhe dinjitetit t\u00eb njeriut, e liris\u00eb komb\u00ebtare, PD konsideron lumenjt\u00eb e sakrificave t\u00eb t\u00eb burgosurve dhe p\u00ebrndjekurve politike, si themelet e saj. Si trash\u00ebgimin\u00eb e saj m\u00eb t\u00eb ndritur.<\/p>\n<p>N\u00eb k\u00ebt\u00eb kontekst, pa diskutim PD, me gjith\u00eb p\u00ebrpjekjet q\u00eb ajo ka b\u00ebr\u00eb, n\u00eb programin e saj, do ridimensionoj\u00eb fuqish\u00ebm t\u00eb gjith\u00eb q\u00ebndrimet ndaj k\u00ebsaj sakrifice komb\u00ebtare q\u00eb u b\u00eb nga qindra-mij\u00ebra shqiptar\u00eb, t\u00eb cil\u00ebt ran\u00eb p\u00ebr t\u2019u b\u00ebr\u00eb t\u00eb pavdeksh\u00ebm. Ose kaluan rinin\u00eb apo jet\u00ebn e tyre n\u00eb burgjet apo kampet e p\u00ebrqendrimit t\u00eb diktatur\u00ebs m\u00eb t\u00eb eg\u00ebr q\u00eb Europa kishte njohur ndonj\u00ebher\u00eb.<\/p>\n<p>Kam vler\u00ebsimin m\u00eb t\u00eb madh p\u00ebr t\u00eb gjith\u00eb ata t\u00eb p\u00ebrndjekur, t\u00eb burgosur, q\u00eb n\u00eb parimin e madh \u2018rrno p\u00ebr me tregue\u2019, po shkruajn\u00eb, kan\u00eb shkruar, kan\u00eb publikuar dhe publikojn\u00eb d\u00ebshmit\u00eb e tyre. Ato jan\u00eb dhe do jen\u00eb nj\u00eb monument madh\u00ebshtor i shpirtit t\u00eb pamposhtur t\u00eb shoq\u00ebris\u00eb shqiptare. Se pjesa tjet\u00ebr u n\u00ebnshtrua, kjo \u00ebsht\u00eb fakt.<\/p>\n<p>Por me historit\u00eb, me veprat e tyre po krijojn\u00eb, po mbushin nj\u00eb boshll\u00ebk t\u00eb tmerrsh\u00ebm q\u00eb ekzistonte. Natyrisht, e gjith\u00eb historia e falsifikuar, let\u00ebrsia e glorifikimit t\u00eb t\u00eb keqes, arkivohet n\u00eb arkivat e antivlerave t\u00eb nj\u00eb kombi,\u201d\u00a0tha Berisha.<\/p>\n","protected":false},"excerpt":{"rendered":"<p>Kryetari i PD, Sali Berisha tha sot n\u00eb konferenc\u00ebn e organizuar me rastin e 50-vjetorit t\u00eb Revolt\u00ebs s\u00eb Spa\u00e7it, se kjo kryengritje sh\u00ebnon kulmin e guximit njer\u00ebzor. \u201cMblidhemi sot p\u00ebr t\u00eb nderuar nj\u00ebr\u00ebn nga ngjarjet m\u00eb t\u00eb jasht\u00ebzakonshme n\u00eb luft\u00ebn, p\u00ebrpjekjet e njeriut p\u00ebr liri dhe dinjitet.\u00a0Revolta e Spa\u00e7it, kryengritja e Spa\u00e7it, sh\u00ebnon pa diskutim &hellip;<\/p>\n","protected":false},"author":4,"featured_media":46350,"comment_status":"open","ping_status":"open","sticky":false,"template":"","format":"standard","meta":{"footnotes":""},"categories":[40],"tags":[],"class_list":["post-46349","post","type-post","status-publish","format-standard","has-post-thumbnail","","category-aktualitet"],"_links":{"self":[{"href":"https:\/\/rdnews.al\/index.php\/wp-json\/wp\/v2\/posts\/46349","targetHints":{"allow":["GET"]}}],"collection":[{"href":"https:\/\/rdnews.al\/index.php\/wp-json\/wp\/v2\/posts"}],"about":[{"href":"https:\/\/rdnews.al\/index.php\/wp-json\/wp\/v2\/types\/post"}],"author":[{"embeddable":true,"href":"https:\/\/rdnews.al\/index.php\/wp-json\/wp\/v2\/users\/4"}],"replies":[{"embeddable":true,"href":"https:\/\/rdnews.al\/index.php\/wp-json\/wp\/v2\/comments?post=46349"}],"version-history":[{"count":0,"href":"https:\/\/rdnews.al\/index.php\/wp-json\/wp\/v2\/posts\/46349\/revisions"}],"wp:featuredmedia":[{"embeddable":true,"href":"https:\/\/rdnews.al\/index.php\/wp-json\/wp\/v2\/media\/46350"}],"wp:attachment":[{"href":"https:\/\/rdnews.al\/index.php\/wp-json\/wp\/v2\/media?parent=46349"}],"wp:term":[{"taxonomy":"category","embeddable":true,"href":"https:\/\/rdnews.al\/index.php\/wp-json\/wp\/v2\/categories?post=46349"},{"taxonomy":"post_tag","embeddable":true,"href":"https:\/\/rdnews.al\/index.php\/wp-json\/wp\/v2\/tags?post=46349"}],"curies":[{"name":"wp","href":"https:\/\/api.w.org\/{rel}","templated":true}]}}